{"id":892,"date":"2013-05-23T21:20:28","date_gmt":"2013-05-23T19:20:28","guid":{"rendered":"http:\/\/konyvhetszeged2013.sk-szeged.hu\/?p=892"},"modified":"2013-06-18T08:05:35","modified_gmt":"2013-06-18T06:05:35","slug":"varkonyi-karoly-centenariumi-kiallitasa","status":"publish","type":"post","link":"http:\/\/konyvhetszeged2013.sk-szeged.hu\/?p=892","title":{"rendered":"V\u00e1rkonyi K\u00e1roly centen\u00e1riumi ki\u00e1ll\u00edt\u00e1sa"},"content":{"rendered":"<p><a href=\"http:\/\/konyvhetszeged2013.sk-szeged.hu\/wp-content\/uploads\/2013\/05\/varkonyi_exlibris1.jpg\"><img loading=\"lazy\" decoding=\"async\" class=\"alignleft size-medium wp-image-894\" alt=\"varkonyi_exlibris\" src=\"http:\/\/konyvhetszeged2013.sk-szeged.hu\/wp-content\/uploads\/2013\/05\/varkonyi_exlibris1-215x300.jpg\" width=\"201\" height=\"280\" srcset=\"http:\/\/konyvhetszeged2013.sk-szeged.hu\/wp-content\/uploads\/2013\/05\/varkonyi_exlibris1-215x300.jpg 215w, http:\/\/konyvhetszeged2013.sk-szeged.hu\/wp-content\/uploads\/2013\/05\/varkonyi_exlibris1.jpg 350w\" sizes=\"auto, (max-width: 201px) 100vw, 201px\" \/><\/a><\/p>\n<p>Sz\u00fcl\u0151v\u00e1rosa, Debrecen ut\u00e1n Szegedre \u00e9rkezik a grafikusm\u0171v\u00e9sz munk\u00e1ss\u00e1g\u00e1t bemutat\u00f3 \u00f6ssze\u00e1ll\u00edt\u00e1s.<\/p>\n<blockquote><p>1913. janu\u00e1r 31-\u00e9n Debrecenben sz\u00fcletett. \u00c9desapja fuvolam\u0171v\u00e9sz volt. M\u00e1r 10-13 \u00e9ves kor\u00e1ban kit\u0171nt rajztehets\u00e9g\u00e9vel. Budapesten t\u00f6bbsz\u00f6r d\u00edjazt\u00e1k rajzait. Sz\u00fclei \u00c1cs Lip\u00f3t \u00e9s B\u00edr\u00f3 J\u00f3zsef fest\u0151m\u0171v\u00e9szekkel fejlesztett\u00e9k tehets\u00e9g\u00e9t.<br \/>\n\u00c9retts\u00e9gi ut\u00e1n Budapesten az Iparrajziskola grafikai oszt\u00e1ly\u00e1ban Zombory-Moldov\u00e1n B\u00e9la grafikus tan\u00edtv\u00e1nya lett, k\u00e9s\u0151bb nagyb\u00e1tyja, V\u00e1rkonyi K\u00e1roly \u2013aki fest\u0151m\u0171v\u00e9szk\u00e9nt Berlinben \u00e9lt- kivitte Berlinbe Albert Reimann k\u00e9pz\u0151m\u0171v\u00e9szeti iskol\u00e1j\u00e1ba. Ez id\u0151szakban nyerte meg a londoni Golden Cocherell Press embl\u00e9map\u00e1ly\u00e1zat\u00e1nak II. d\u00edj\u00e1t.<br \/>\nHazaj\u00f6vetele ut\u00e1n beiratkozott a budapesti K\u00e9pz\u0151m\u0171v\u00e9szeti F\u0151iskol\u00e1ra. 1935-ben Debrecenben telepedett le, itt tal\u00e1lt meg\u00e9lhet\u00e9si lehet\u0151s\u00e9get ugyanis a csal\u00e1d anyagi neh\u00e9zs\u00e9gei megpecs\u00e9telt\u00e9k f\u0151iskolai tanulm\u00e1nyainak folytat\u00e1s\u00e1t. Merkantilgrafik\u00e1val\u00a0 foglalkozott. Ugyanett\u0151l az \u00e9vt\u0151l tagja lett a berei So\u00f3 Rezs\u0151 professzor \u00e9s neves debreceni grafikusm\u0171v\u00e9szek \u00e1ltal alap\u00edtott Ajt\u00f3si D\u00fcrer C\u00e9hnek, mely szervezet egy egyes\u00fcletbe t\u00f6m\u00f6r\u00edtette az abban az id\u0151ben Debrecenben \u00e9l\u0151 tehets\u00e9ges grafikusm\u0171v\u00e9szeket. 1936-ban megn\u0151s\u00fclt, l938. janu\u00e1rt\u00f3l \u00e1ll\u00e1st kapott -b\u00e1r\u00f3 Kaas Albert dr egyetemi tan\u00e1rnak k\u00f6sz\u00f6nhet\u0151en- a debreceni Magyar Kir\u00e1lyi Kult\u00farm\u00e9rn\u00f6ki Hivataln\u00e1l. 1944-ben beh\u00edvt\u00e1k katon\u00e1nak \u00e9s mint t\u00e9rk\u00e9p\u00e9sz tisztet kivitt\u00e9k a frontra. Sok megpr\u00f3b\u00e1ltat\u00e1sban volt r\u00e9sze \u00e9s sok sz\u00f6rny\u0171s\u00e9get l\u00e1tott, melyeket k\u00e9s\u0151bb eml\u00e9kei alapj\u00e1n feldolgozott munk\u00e1iban. Az 1945. \u00e9v augusztus\u00e1ban amerikai fogs\u00e1gba ker\u00fclt, ahol a t\u00e1bor parancsnoka kihelyezte egy bajor csal\u00e1dhoz \u00e9s megengedte neki, hogy fessen, ehhez ecseteket \u00e9s fest\u00e9ket is szerzett neki. Itt k\u00e9sz\u00fcltek a bajororsz\u00e1gi k\u00e9pei. 1946. febru\u00e1rban ker\u00fclt haza, erre az id\u0151szakra a portr\u00e9festm\u00e9nyek a jellemz\u0151k. 1968-ban a New-York-i Avant Gard \u201eSoha t\u00f6bb\u00e9 h\u00e1bor\u00fat!\u201d c\u00edm\u0171 p\u00e1ly\u00e1zat\u00e1val III. d\u00edjat nyert. Ezt k\u00f6vet\u0151en k\u00fclf\u00f6ld egyre ink\u00e1bb elismerte m\u0171v\u00e9szet\u00e9t. Gyakran h\u00edvt\u00e1k a k\u00fcl\u00f6nb\u00f6z\u0151 orsz\u00e1gokban megrendezett grafikusok vil\u00e1gtal\u00e1lkoz\u00f3ira. J\u00f3zsa J\u00e1nossal volt ki\u00e1ll\u00edt\u00e1sa Sv\u00e1jcban, 1970-ben D\u00e1ni\u00e1ban volt V\u00e9n Zolt\u00e1n Budapesten \u00e9l\u0151 kedvelt m\u0171v\u00e9szt\u00e1rs\u00e1val. V\u00e9n Zolt\u00e1nt a d\u00e1n Kultur\u00e1lis Miniszt\u00e9rium, V\u00e1rkonyi K\u00e1rolyt Margit d\u00e1n kir\u00e1lyn\u0151 h\u00edvta meg. K\u00e9tf\u00e9le exlibrist \/k\u00f6nyvjegyet\/ k\u00e9sz\u00edtett a kir\u00e1lyn\u0151 k\u00f6nyvt\u00e1ra sz\u00e1m\u00e1ra. 2000-ben Aba\u00fajsz\u00e1nt\u00f3 polg\u00e1rmester\u00e9t\u0151l d\u00edszpolg\u00e1ri eml\u00e9kplakettet kapott. M\u00e9g egy v\u00e1ros adott neki d\u00edszpolg\u00e1rs\u00e1got, de ez nem a sz\u00fcl\u0151v\u00e1rosa volt, hanem az olaszorsz\u00e1gi Arezzo.<br \/>\n2001. m\u00e1jus\u00e1ban k\u00f3rh\u00e1zba ker\u00fclt, j\u00falius 13-\u00e1n meghalt. Utols\u00f3 munk\u00e1j\u00e1t tollal rajzolta Zsolt fi\u00e1\u00e9k h\u00e1zass\u00e1gi \u00e9vfordul\u00f3j\u00e1ra. Munk\u00e1it, kisgrafik\u00e1it a mai napig gy\u0171jtik vil\u00e1gszerte, munk\u00e1ib\u00f3l a grafikai szaklapok mai napig k\u00f6z\u00f6lnek. E ki\u00e1ll\u00edt\u00e1s szeml\u00e9lteti munk\u00e1ss\u00e1g\u00e1t \u00e9s eml\u00e9kezik meg m\u0171v\u00e9szet\u00e9r\u0151l.<\/p><\/blockquote>\n<ul>\n<li>Helysz\u00edn: Somogyi-k\u00f6nyvt\u00e1r (D\u00f3m t\u00e9r 1\u20134.)<\/li>\n<li>Id\u0151pont: 2013. j\u00fanius 6-t\u00f3l 27-ig<\/li>\n<\/ul>\n<p>Kapcsol\u00f3d\u00f3 bejegyz\u00e9s:<br \/>\n<a href=\"http:\/\/konyvhetszeged2013.sk-szeged.hu\/?p=118\">V\u00e1rkonyi K\u00e1roly centen\u00e1riumi ki\u00e1ll\u00edt\u00e1s\u00e1nak megnyit\u00f3ja<\/a><\/p>\n<p>Olvasnival\u00f3:<br \/>\n<a href=\"http:\/\/www.varkonyiak.hu\/elete_munkassaga.html\" target=\"_blank\">V\u00e1rkonyi K\u00e1roly \u00e9lete, munk\u00e1ss\u00e1ga<\/a> (varkonyiak.hu)<\/p>\n","protected":false},"excerpt":{"rendered":"<p>Sz\u00fcl\u0151v\u00e1rosa, Debrecen ut\u00e1n Szegedre \u00e9rkezik a grafikusm\u0171v\u00e9sz munk\u00e1ss\u00e1g\u00e1t bemutat\u00f3 \u00f6ssze\u00e1ll\u00edt\u00e1s. 1913. janu\u00e1r 31-\u00e9n Debrecenben sz\u00fcletett. \u00c9desapja fuvolam\u0171v\u00e9sz volt. M\u00e1r 10-13 \u00e9ves kor\u00e1ban kit\u0171nt rajztehets\u00e9g\u00e9vel. Budapesten t\u00f6bbsz\u00f6r d\u00edjazt\u00e1k rajzait. Sz\u00fclei \u00c1cs Lip\u00f3t \u00e9s B\u00edr\u00f3 J\u00f3zsef fest\u0151m\u0171v\u00e9szekkel fejlesztett\u00e9k tehets\u00e9g\u00e9t. \u00c9retts\u00e9gi ut\u00e1n Budapesten &hellip; <a href=\"http:\/\/konyvhetszeged2013.sk-szeged.hu\/?p=892\">Tov\u00e1bb <span class=\"meta-nav\">&rarr;<\/span><\/a><\/p>\n","protected":false},"author":2,"featured_media":0,"comment_status":"open","ping_status":"open","sticky":false,"template":"","format":"standard","meta":{"ngg_post_thumbnail":0,"footnotes":""},"categories":[249,20],"tags":[51],"class_list":["post-892","post","type-post","status-publish","format-standard","hentry","category-kiallitas","category-somogyi-konyvtar","tag-varkonyi-karoly"],"_links":{"self":[{"href":"http:\/\/konyvhetszeged2013.sk-szeged.hu\/index.php?rest_route=\/wp\/v2\/posts\/892","targetHints":{"allow":["GET"]}}],"collection":[{"href":"http:\/\/konyvhetszeged2013.sk-szeged.hu\/index.php?rest_route=\/wp\/v2\/posts"}],"about":[{"href":"http:\/\/konyvhetszeged2013.sk-szeged.hu\/index.php?rest_route=\/wp\/v2\/types\/post"}],"author":[{"embeddable":true,"href":"http:\/\/konyvhetszeged2013.sk-szeged.hu\/index.php?rest_route=\/wp\/v2\/users\/2"}],"replies":[{"embeddable":true,"href":"http:\/\/konyvhetszeged2013.sk-szeged.hu\/index.php?rest_route=%2Fwp%2Fv2%2Fcomments&post=892"}],"version-history":[{"count":16,"href":"http:\/\/konyvhetszeged2013.sk-szeged.hu\/index.php?rest_route=\/wp\/v2\/posts\/892\/revisions"}],"predecessor-version":[{"id":2080,"href":"http:\/\/konyvhetszeged2013.sk-szeged.hu\/index.php?rest_route=\/wp\/v2\/posts\/892\/revisions\/2080"}],"wp:attachment":[{"href":"http:\/\/konyvhetszeged2013.sk-szeged.hu\/index.php?rest_route=%2Fwp%2Fv2%2Fmedia&parent=892"}],"wp:term":[{"taxonomy":"category","embeddable":true,"href":"http:\/\/konyvhetszeged2013.sk-szeged.hu\/index.php?rest_route=%2Fwp%2Fv2%2Fcategories&post=892"},{"taxonomy":"post_tag","embeddable":true,"href":"http:\/\/konyvhetszeged2013.sk-szeged.hu\/index.php?rest_route=%2Fwp%2Fv2%2Ftags&post=892"}],"curies":[{"name":"wp","href":"https:\/\/api.w.org\/{rel}","templated":true}]}}