{"id":877,"date":"2013-05-23T21:50:40","date_gmt":"2013-05-23T19:50:40","guid":{"rendered":"http:\/\/konyvhetszeged2013.sk-szeged.hu\/?p=877"},"modified":"2013-06-18T08:04:55","modified_gmt":"2013-06-18T06:04:55","slug":"egyedul-mindenkivel","status":"publish","type":"post","link":"http:\/\/konyvhetszeged2013.sk-szeged.hu\/?p=877","title":{"rendered":"\u201eEgyed\u00fcl mindenkivel\u201d"},"content":{"rendered":"<p><a href=\"http:\/\/konyvhetszeged2013.sk-szeged.hu\/wp-content\/uploads\/2013\/05\/weores.jpg\"><img loading=\"lazy\" decoding=\"async\" class=\"alignleft size-medium wp-image-879\" alt=\"weores\" src=\"http:\/\/konyvhetszeged2013.sk-szeged.hu\/wp-content\/uploads\/2013\/05\/weores-243x300.jpg\" width=\"192\" height=\"237\" srcset=\"http:\/\/konyvhetszeged2013.sk-szeged.hu\/wp-content\/uploads\/2013\/05\/weores-243x300.jpg 243w, http:\/\/konyvhetszeged2013.sk-szeged.hu\/wp-content\/uploads\/2013\/05\/weores.jpg 250w\" sizes=\"auto, (max-width: 192px) 100vw, 192px\" \/><\/a><\/p>\n<p>Ki\u00e1ll\u00edt\u00e1s a 100 \u00e9ve sz\u00fcletett <strong>We\u00f6res S\u00e1ndor<\/strong> tisztelet\u00e9re<\/p>\n<blockquote><p>Sz\u00ednes, dallamos gyermekversein t\u00fal \u2013 amelyeken nemzed\u00e9kek nevel\u0151dtek \u2013 m\u0171ford\u00edt\u00f3k\u00e9nt is kiv\u00e9teles teljes\u00edtm\u00e9nyt ny\u00fajtott. M\u00edtoszaiban \u00e9s nagy verseiben a vil\u00e1ggal val\u00f3 \u0151segys\u00e9g helyre\u00e1ll\u00edt\u00e1s\u00e1nak, a f\u00e9rfi-n\u0151 viszonyoknak, az anyag \u00e9s a szellem ellent\u00e9t\u00e9nek, a m\u0171v\u00e9sz l\u00e9t\u00e9nek probl\u00e9m\u00e1it dolgozta fel. L\u00edr\u00e1j\u00e1ban tal\u00e1lkozik a sz\u00fcrrealist\u00e1kt\u00f3l tanult k\u00e9pzett\u00e1rs\u00edt\u00e1s, a primit\u00edv szeml\u00e9let titokzatoss\u00e1ga, a gyermekversek friss j\u00e1t\u00e9koss\u00e1ga, a zenei mot\u00edvumok szerkeszt\u00e9se \u00e9s a modern szabadversek \u00e9p\u00edt\u00e9se.<\/p><\/blockquote>\n<ul>\n<li>Helysz\u00edn: Somogyi-k\u00f6nyvt\u00e1r (D\u00f3m t\u00e9r 1\u20134.)<\/li>\n<li>Id\u0151pont: 2013. m\u00e1jus 23-t\u00f3l j\u00fanius 29-ig<\/li>\n<\/ul>\n","protected":false},"excerpt":{"rendered":"<p>Ki\u00e1ll\u00edt\u00e1s a 100 \u00e9ve sz\u00fcletett We\u00f6res S\u00e1ndor tisztelet\u00e9re Sz\u00ednes, dallamos gyermekversein t\u00fal \u2013 amelyeken nemzed\u00e9kek nevel\u0151dtek \u2013 m\u0171ford\u00edt\u00f3k\u00e9nt is kiv\u00e9teles teljes\u00edtm\u00e9nyt ny\u00fajtott. M\u00edtoszaiban \u00e9s nagy verseiben a vil\u00e1ggal val\u00f3 \u0151segys\u00e9g helyre\u00e1ll\u00edt\u00e1s\u00e1nak, a f\u00e9rfi-n\u0151 viszonyoknak, az anyag \u00e9s a szellem ellent\u00e9t\u00e9nek, &hellip; <a href=\"http:\/\/konyvhetszeged2013.sk-szeged.hu\/?p=877\">Tov\u00e1bb <span class=\"meta-nav\">&rarr;<\/span><\/a><\/p>\n","protected":false},"author":2,"featured_media":0,"comment_status":"open","ping_status":"open","sticky":false,"template":"","format":"standard","meta":{"ngg_post_thumbnail":0,"footnotes":""},"categories":[249,20],"tags":[251],"class_list":["post-877","post","type-post","status-publish","format-standard","hentry","category-kiallitas","category-somogyi-konyvtar","tag-weores-sandor"],"_links":{"self":[{"href":"http:\/\/konyvhetszeged2013.sk-szeged.hu\/index.php?rest_route=\/wp\/v2\/posts\/877","targetHints":{"allow":["GET"]}}],"collection":[{"href":"http:\/\/konyvhetszeged2013.sk-szeged.hu\/index.php?rest_route=\/wp\/v2\/posts"}],"about":[{"href":"http:\/\/konyvhetszeged2013.sk-szeged.hu\/index.php?rest_route=\/wp\/v2\/types\/post"}],"author":[{"embeddable":true,"href":"http:\/\/konyvhetszeged2013.sk-szeged.hu\/index.php?rest_route=\/wp\/v2\/users\/2"}],"replies":[{"embeddable":true,"href":"http:\/\/konyvhetszeged2013.sk-szeged.hu\/index.php?rest_route=%2Fwp%2Fv2%2Fcomments&post=877"}],"version-history":[{"count":8,"href":"http:\/\/konyvhetszeged2013.sk-szeged.hu\/index.php?rest_route=\/wp\/v2\/posts\/877\/revisions"}],"predecessor-version":[{"id":2077,"href":"http:\/\/konyvhetszeged2013.sk-szeged.hu\/index.php?rest_route=\/wp\/v2\/posts\/877\/revisions\/2077"}],"wp:attachment":[{"href":"http:\/\/konyvhetszeged2013.sk-szeged.hu\/index.php?rest_route=%2Fwp%2Fv2%2Fmedia&parent=877"}],"wp:term":[{"taxonomy":"category","embeddable":true,"href":"http:\/\/konyvhetszeged2013.sk-szeged.hu\/index.php?rest_route=%2Fwp%2Fv2%2Fcategories&post=877"},{"taxonomy":"post_tag","embeddable":true,"href":"http:\/\/konyvhetszeged2013.sk-szeged.hu\/index.php?rest_route=%2Fwp%2Fv2%2Ftags&post=877"}],"curies":[{"name":"wp","href":"https:\/\/api.w.org\/{rel}","templated":true}]}}