{"id":866,"date":"2013-05-23T22:00:47","date_gmt":"2013-05-23T20:00:47","guid":{"rendered":"http:\/\/konyvhetszeged2013.sk-szeged.hu\/?p=866"},"modified":"2013-06-18T08:04:43","modified_gmt":"2013-06-18T06:04:43","slug":"merthogy-olvasni-jo-a-delmagyarorszag-fotokiallitasa","status":"publish","type":"post","link":"http:\/\/konyvhetszeged2013.sk-szeged.hu\/?p=866","title":{"rendered":"Merthogy olvasni j\u00f3&#8230; \u2013 a D\u00e9lmagyarorsz\u00e1g fot\u00f3ki\u00e1ll\u00edt\u00e1sa"},"content":{"rendered":"<p><a href=\"http:\/\/konyvhetszeged2013.sk-szeged.hu\/wp-content\/uploads\/2013\/05\/olvasas_delmagyar.jpg\"><img loading=\"lazy\" decoding=\"async\" class=\"alignleft size-medium wp-image-867\" alt=\"olvasas_delmagyar\" src=\"http:\/\/konyvhetszeged2013.sk-szeged.hu\/wp-content\/uploads\/2013\/05\/olvasas_delmagyar.jpg\" width=\"345\" height=\"228\" srcset=\"http:\/\/konyvhetszeged2013.sk-szeged.hu\/wp-content\/uploads\/2013\/05\/olvasas_delmagyar.jpg 550w, http:\/\/konyvhetszeged2013.sk-szeged.hu\/wp-content\/uploads\/2013\/05\/olvasas_delmagyar-300x198.jpg 300w\" sizes=\"auto, (max-width: 345px) 100vw, 345px\" \/><\/a><\/p>\n<p dir=\"ltr\" id=\"docs-internal-guid-2710c390-e258-697a-6102-bf8998fc609b\">A szabadt\u00e9ri t\u00e1rlat v\u00e1logat\u00e1s a D\u00e9lmagyarorsz\u00e1g Kiad\u00f3 munkat\u00e1rsainak fot\u00f3ib\u00f3l<\/p>\n<p>Az olvas\u00e1s tud\u00e1s, a tud\u00e1s \u00e9rt\u00e9k! \u2013<br \/>\na D\u00e9lmagyarorsz\u00e1g az olvas\u00e1s n\u00e9pszer\u0171s\u00edt\u00e9s\u00e9\u00e9rt<\/p>\n<p>&nbsp;<\/p>\n<ul>\n<li>Helysz\u00edn: Dugonics t\u00e9r<\/li>\n<li>Id\u0151pont: 2013. j\u00fanius 6-t\u00f3l 10-ig<\/li>\n<\/ul>\n","protected":false},"excerpt":{"rendered":"<p>A szabadt\u00e9ri t\u00e1rlat v\u00e1logat\u00e1s a D\u00e9lmagyarorsz\u00e1g Kiad\u00f3 munkat\u00e1rsainak fot\u00f3ib\u00f3l Az olvas\u00e1s tud\u00e1s, a tud\u00e1s \u00e9rt\u00e9k! \u2013 a D\u00e9lmagyarorsz\u00e1g az olvas\u00e1s n\u00e9pszer\u0171s\u00edt\u00e9s\u00e9\u00e9rt &nbsp; Helysz\u00edn: Dugonics t\u00e9r Id\u0151pont: 2013. j\u00fanius 6-t\u00f3l 10-ig<\/p>\n","protected":false},"author":2,"featured_media":0,"comment_status":"open","ping_status":"open","sticky":false,"template":"","format":"standard","meta":{"ngg_post_thumbnail":0,"footnotes":""},"categories":[39,249],"tags":[250],"class_list":["post-866","post","type-post","status-publish","format-standard","hentry","category-dugonics-ter","category-kiallitas","tag-delmagyarorszag"],"_links":{"self":[{"href":"http:\/\/konyvhetszeged2013.sk-szeged.hu\/index.php?rest_route=\/wp\/v2\/posts\/866","targetHints":{"allow":["GET"]}}],"collection":[{"href":"http:\/\/konyvhetszeged2013.sk-szeged.hu\/index.php?rest_route=\/wp\/v2\/posts"}],"about":[{"href":"http:\/\/konyvhetszeged2013.sk-szeged.hu\/index.php?rest_route=\/wp\/v2\/types\/post"}],"author":[{"embeddable":true,"href":"http:\/\/konyvhetszeged2013.sk-szeged.hu\/index.php?rest_route=\/wp\/v2\/users\/2"}],"replies":[{"embeddable":true,"href":"http:\/\/konyvhetszeged2013.sk-szeged.hu\/index.php?rest_route=%2Fwp%2Fv2%2Fcomments&post=866"}],"version-history":[{"count":15,"href":"http:\/\/konyvhetszeged2013.sk-szeged.hu\/index.php?rest_route=\/wp\/v2\/posts\/866\/revisions"}],"predecessor-version":[{"id":2076,"href":"http:\/\/konyvhetszeged2013.sk-szeged.hu\/index.php?rest_route=\/wp\/v2\/posts\/866\/revisions\/2076"}],"wp:attachment":[{"href":"http:\/\/konyvhetszeged2013.sk-szeged.hu\/index.php?rest_route=%2Fwp%2Fv2%2Fmedia&parent=866"}],"wp:term":[{"taxonomy":"category","embeddable":true,"href":"http:\/\/konyvhetszeged2013.sk-szeged.hu\/index.php?rest_route=%2Fwp%2Fv2%2Fcategories&post=866"},{"taxonomy":"post_tag","embeddable":true,"href":"http:\/\/konyvhetszeged2013.sk-szeged.hu\/index.php?rest_route=%2Fwp%2Fv2%2Ftags&post=866"}],"curies":[{"name":"wp","href":"https:\/\/api.w.org\/{rel}","templated":true}]}}