{"id":849,"date":"2013-05-23T22:30:32","date_gmt":"2013-05-23T20:30:32","guid":{"rendered":"http:\/\/konyvhetszeged2013.sk-szeged.hu\/?p=849"},"modified":"2013-06-18T08:04:10","modified_gmt":"2013-06-18T06:04:10","slug":"hammido-kiallitasmegnyito","status":"publish","type":"post","link":"http:\/\/konyvhetszeged2013.sk-szeged.hu\/?p=849","title":{"rendered":"Hammido \u2013 ki\u00e1ll\u00edt\u00e1smegnyit\u00f3"},"content":{"rendered":"<p><a href=\"http:\/\/konyvhetszeged2013.sk-szeged.hu\/wp-content\/uploads\/2013\/05\/hammido.jpg\"><img loading=\"lazy\" decoding=\"async\" class=\"alignleft size-medium wp-image-850\" alt=\"hammido\" src=\"http:\/\/konyvhetszeged2013.sk-szeged.hu\/wp-content\/uploads\/2013\/05\/hammido-250x300.jpg\" width=\"241\" height=\"289\" srcset=\"http:\/\/konyvhetszeged2013.sk-szeged.hu\/wp-content\/uploads\/2013\/05\/hammido-250x300.jpg 250w, http:\/\/konyvhetszeged2013.sk-szeged.hu\/wp-content\/uploads\/2013\/05\/hammido.jpg 306w\" sizes=\"auto, (max-width: 241px) 100vw, 241px\" \/><\/a><\/p>\n<p dir=\"ltr\">A Hammido Alapfok\u00fa M\u0171v\u00e9szeti Iskola tan\u00e9vz\u00e1r\u00f3 <strong>vizsgaki\u00e1ll\u00edt\u00e1s<\/strong>\u00e1nak \u00fcnnep\u00e9lyes megnyit\u00f3ja<br \/>\nBevezet\u0151t mond: <strong>Szeber\u00e9nyi Kl\u00e1ra<\/strong> szerkeszt\u0151-riporter, a Szegedi V\u00e1rosi Telev\u00edzi\u00f3 munkat\u00e1rsa<br \/>\nA ki\u00e1ll\u00edt\u00e1s j\u00fanius 30-ig, vas\u00e1rnap \u00e9s h\u00e9tf\u0151 kiv\u00e9tel\u00e9vel naponta 10-t\u0151l 18 \u00f3r\u00e1ig tekinthet\u0151 meg.<\/p>\n<ul>\n<li>Helysz\u00edn:\u00a0B\u00e1lint S\u00e1ndor M\u0171vel\u0151d\u00e9si H\u00e1z (Temesv\u00e1ri krt. 42.)<\/li>\n<li>Id\u0151pont: 2013. j\u00fanius 13. (cs\u00fct\u00f6rt\u00f6k) 17.00<\/li>\n<\/ul>\n","protected":false},"excerpt":{"rendered":"<p>A Hammido Alapfok\u00fa M\u0171v\u00e9szeti Iskola tan\u00e9vz\u00e1r\u00f3 vizsgaki\u00e1ll\u00edt\u00e1s\u00e1nak \u00fcnnep\u00e9lyes megnyit\u00f3ja Bevezet\u0151t mond: Szeber\u00e9nyi Kl\u00e1ra szerkeszt\u0151-riporter, a Szegedi V\u00e1rosi Telev\u00edzi\u00f3 munkat\u00e1rsa A ki\u00e1ll\u00edt\u00e1s j\u00fanius 30-ig, vas\u00e1rnap \u00e9s h\u00e9tf\u0151 kiv\u00e9tel\u00e9vel naponta 10-t\u0151l 18 \u00f3r\u00e1ig tekinthet\u0151 meg. Helysz\u00edn:\u00a0B\u00e1lint S\u00e1ndor M\u0171vel\u0151d\u00e9si H\u00e1z (Temesv\u00e1ri krt. 42.) &hellip; <a href=\"http:\/\/konyvhetszeged2013.sk-szeged.hu\/?p=849\">Tov\u00e1bb <span class=\"meta-nav\">&rarr;<\/span><\/a><\/p>\n","protected":false},"author":2,"featured_media":0,"comment_status":"open","ping_status":"open","sticky":false,"template":"","format":"standard","meta":{"ngg_post_thumbnail":0,"footnotes":""},"categories":[27,239,249,10],"tags":[241,240],"class_list":["post-849","post","type-post","status-publish","format-standard","hentry","category-balint-sandor-muvelodesi-haz","category-junius-13-csutortok","category-kiallitas","category-megnyito","tag-hammido","tag-szeberenyi-klara"],"_links":{"self":[{"href":"http:\/\/konyvhetszeged2013.sk-szeged.hu\/index.php?rest_route=\/wp\/v2\/posts\/849","targetHints":{"allow":["GET"]}}],"collection":[{"href":"http:\/\/konyvhetszeged2013.sk-szeged.hu\/index.php?rest_route=\/wp\/v2\/posts"}],"about":[{"href":"http:\/\/konyvhetszeged2013.sk-szeged.hu\/index.php?rest_route=\/wp\/v2\/types\/post"}],"author":[{"embeddable":true,"href":"http:\/\/konyvhetszeged2013.sk-szeged.hu\/index.php?rest_route=\/wp\/v2\/users\/2"}],"replies":[{"embeddable":true,"href":"http:\/\/konyvhetszeged2013.sk-szeged.hu\/index.php?rest_route=%2Fwp%2Fv2%2Fcomments&post=849"}],"version-history":[{"count":8,"href":"http:\/\/konyvhetszeged2013.sk-szeged.hu\/index.php?rest_route=\/wp\/v2\/posts\/849\/revisions"}],"predecessor-version":[{"id":2073,"href":"http:\/\/konyvhetszeged2013.sk-szeged.hu\/index.php?rest_route=\/wp\/v2\/posts\/849\/revisions\/2073"}],"wp:attachment":[{"href":"http:\/\/konyvhetszeged2013.sk-szeged.hu\/index.php?rest_route=%2Fwp%2Fv2%2Fmedia&parent=849"}],"wp:term":[{"taxonomy":"category","embeddable":true,"href":"http:\/\/konyvhetszeged2013.sk-szeged.hu\/index.php?rest_route=%2Fwp%2Fv2%2Fcategories&post=849"},{"taxonomy":"post_tag","embeddable":true,"href":"http:\/\/konyvhetszeged2013.sk-szeged.hu\/index.php?rest_route=%2Fwp%2Fv2%2Ftags&post=849"}],"curies":[{"name":"wp","href":"https:\/\/api.w.org\/{rel}","templated":true}]}}