{"id":835,"date":"2013-05-23T22:50:54","date_gmt":"2013-05-23T20:50:54","guid":{"rendered":"http:\/\/konyvhetszeged2013.sk-szeged.hu\/?p=835"},"modified":"2013-06-13T06:08:52","modified_gmt":"2013-06-13T04:08:52","slug":"hay-janos-a-gezagyerek","status":"publish","type":"post","link":"http:\/\/konyvhetszeged2013.sk-szeged.hu\/?p=835","title":{"rendered":"H\u00e1y J\u00e1nos: A G\u00e9zagyerek"},"content":{"rendered":"<p><a href=\"http:\/\/konyvhetszeged2013.sk-szeged.hu\/wp-content\/uploads\/2013\/05\/gezagyerek.jpg\"><img loading=\"lazy\" decoding=\"async\" class=\"alignleft size-full wp-image-1734\" alt=\"gezagyerek\" src=\"http:\/\/konyvhetszeged2013.sk-szeged.hu\/wp-content\/uploads\/2013\/05\/gezagyerek.jpg\" width=\"300\" height=\"201\" \/><\/a><br \/>\n\u00cdr\u00f3k a moziban \u2013 sz\u00ednh\u00e1zi felv\u00e9tel vet\u00edt\u00e9se<\/p>\n<p>A zalaegerszegi Hevesi S\u00e1ndor Sz\u00ednh\u00e1z el\u0151ad\u00e1sa Bag\u00f3 Bertalan rendez\u00e9s\u00e9ben<\/p>\n<blockquote><p>A t\u00f6rt\u00e9net egyszerre val\u00f3s \u00e9s transzcendens. S ett\u0151l a kett\u0151ss\u00e9gt\u0151l kap a sz\u00f6veg er\u0151s, meghat\u00e1roz\u00f3 b\u00f6lcseleti t\u00f6ltetet. Ami egyszersmind dr\u00e1m\u00e1v\u00e1 is teszi abban az \u00e9rtelemben, hogy a dr\u00e1ma nem a cselekm\u00e9nyben rejlik, hanem abban az emberi lelki t\u00f6rt\u00e9n\u00e9sben, amely az autista G\u00e9zagyerekben lej\u00e1tsz\u00f3dik, s amihez a cselekm\u00e9nyt kitev\u0151 esem\u00e9nyek csup\u00e1n keretet adnak. Ennek a bels\u0151 t\u00f6rt\u00e9n\u00e9snek a l\u00e9nyege, hogy a \u201ehib\u00e1s&#8221; f\u00e9l\u00e1rva gyereket a feln\u0151ttek megpr\u00f3b\u00e1lj\u00e1k maguk k\u00f6z\u00e9 venni, emelni, asszimil\u00e1lni &#8230;, de a nagybuzg\u00f3 seg\u00edts\u00e9g vissz\u00e1j\u00e1ra fordul. Siker\u00e9lm\u00e9nyt akarnak G\u00e9z\u00e1nak szerezni, hogy visszanyerje megingott \u00f6nbizalm\u00e1t, &#8230; de az otromba tr\u00e9fa k\u00f6vetkezt\u00e9ben \u00e9ppen ellenkez\u0151 hat\u00e1st \u00e9rnek el. Arra ugyanis nem gondoltak, habitusukb\u00f3l ad\u00f3d\u00f3an hogy is gondolhattak volna, hogy G\u00e9za m\u00e1s, mint \u0151k. Nem az\u00e9rt, mert \u201ehib\u00e1s&#8221;, hanem az\u00e9rt, mert egy\u00e9nis\u00e9g. Az egy\u00e9nis\u00e9g n\u00e9lk\u00fclinek v\u00e9lt ember a megr\u00e1z\u00f3 esem\u00e9ny hat\u00e1s\u00e1ra egy\u00e9nis\u00e9gg\u00e9 v\u00e1lik.\u00a0(Gerold L\u00e1szl\u00f3)<\/p><\/blockquote>\n<ul>\n<li>Helysz\u00edn: Belv\u00e1rosi mozi, Bal\u00e1zs B\u00e9la terem<\/li>\n<li>Id\u0151pont: 2013. j\u00fanius 12. (szerda) 18.30<\/li>\n<\/ul>\n","protected":false},"excerpt":{"rendered":"<p>\u00cdr\u00f3k a moziban \u2013 sz\u00ednh\u00e1zi felv\u00e9tel vet\u00edt\u00e9se A zalaegerszegi Hevesi S\u00e1ndor Sz\u00ednh\u00e1z el\u0151ad\u00e1sa Bag\u00f3 Bertalan rendez\u00e9s\u00e9ben A t\u00f6rt\u00e9net egyszerre val\u00f3s \u00e9s transzcendens. S ett\u0151l a kett\u0151ss\u00e9gt\u0151l kap a sz\u00f6veg er\u0151s, meghat\u00e1roz\u00f3 b\u00f6lcseleti t\u00f6ltetet. Ami egyszersmind dr\u00e1m\u00e1v\u00e1 is teszi abban az &hellip; <a href=\"http:\/\/konyvhetszeged2013.sk-szeged.hu\/?p=835\">Tov\u00e1bb <span class=\"meta-nav\">&rarr;<\/span><\/a><\/p>\n","protected":false},"author":2,"featured_media":0,"comment_status":"open","ping_status":"open","sticky":false,"template":"","format":"standard","meta":{"ngg_post_thumbnail":0,"footnotes":""},"categories":[79,76,233],"tags":[282],"class_list":["post-835","post","type-post","status-publish","format-standard","hentry","category-belvarosi-mozi","category-filmvetites","category-junius-12-szerda","tag-hay-janos"],"_links":{"self":[{"href":"http:\/\/konyvhetszeged2013.sk-szeged.hu\/index.php?rest_route=\/wp\/v2\/posts\/835","targetHints":{"allow":["GET"]}}],"collection":[{"href":"http:\/\/konyvhetszeged2013.sk-szeged.hu\/index.php?rest_route=\/wp\/v2\/posts"}],"about":[{"href":"http:\/\/konyvhetszeged2013.sk-szeged.hu\/index.php?rest_route=\/wp\/v2\/types\/post"}],"author":[{"embeddable":true,"href":"http:\/\/konyvhetszeged2013.sk-szeged.hu\/index.php?rest_route=\/wp\/v2\/users\/2"}],"replies":[{"embeddable":true,"href":"http:\/\/konyvhetszeged2013.sk-szeged.hu\/index.php?rest_route=%2Fwp%2Fv2%2Fcomments&post=835"}],"version-history":[{"count":12,"href":"http:\/\/konyvhetszeged2013.sk-szeged.hu\/index.php?rest_route=\/wp\/v2\/posts\/835\/revisions"}],"predecessor-version":[{"id":1735,"href":"http:\/\/konyvhetszeged2013.sk-szeged.hu\/index.php?rest_route=\/wp\/v2\/posts\/835\/revisions\/1735"}],"wp:attachment":[{"href":"http:\/\/konyvhetszeged2013.sk-szeged.hu\/index.php?rest_route=%2Fwp%2Fv2%2Fmedia&parent=835"}],"wp:term":[{"taxonomy":"category","embeddable":true,"href":"http:\/\/konyvhetszeged2013.sk-szeged.hu\/index.php?rest_route=%2Fwp%2Fv2%2Fcategories&post=835"},{"taxonomy":"post_tag","embeddable":true,"href":"http:\/\/konyvhetszeged2013.sk-szeged.hu\/index.php?rest_route=%2Fwp%2Fv2%2Ftags&post=835"}],"curies":[{"name":"wp","href":"https:\/\/api.w.org\/{rel}","templated":true}]}}