{"id":829,"date":"2013-05-23T23:00:13","date_gmt":"2013-05-23T21:00:13","guid":{"rendered":"http:\/\/konyvhetszeged2013.sk-szeged.hu\/?p=829"},"modified":"2013-06-13T06:08:38","modified_gmt":"2013-06-13T04:08:38","slug":"czilczer-olga-mehetunk-kedves","status":"publish","type":"post","link":"http:\/\/konyvhetszeged2013.sk-szeged.hu\/?p=829","title":{"rendered":"Czilczer Olga: Mehet\u00fcnk, kedves"},"content":{"rendered":"<p><a href=\"http:\/\/konyvhetszeged2013.sk-szeged.hu\/wp-content\/uploads\/2013\/05\/Czilczer_mehetunk_kedves_borito.jpg\"><img loading=\"lazy\" decoding=\"async\" class=\"alignleft size-medium wp-image-830\" alt=\"Czilczer_mehetunk_kedves_borito\" src=\"http:\/\/konyvhetszeged2013.sk-szeged.hu\/wp-content\/uploads\/2013\/05\/Czilczer_mehetunk_kedves_borito-196x300.jpg\" width=\"196\" height=\"300\" srcset=\"http:\/\/konyvhetszeged2013.sk-szeged.hu\/wp-content\/uploads\/2013\/05\/Czilczer_mehetunk_kedves_borito-196x300.jpg 196w, http:\/\/konyvhetszeged2013.sk-szeged.hu\/wp-content\/uploads\/2013\/05\/Czilczer_mehetunk_kedves_borito.jpg 327w\" sizes=\"auto, (max-width: 196px) 100vw, 196px\" \/><\/a><\/p>\n<p dir=\"ltr\" id=\"docs-internal-guid-2710c390-e1cf-7b48-aa6d-4f36e178ddc1\">A szerz\u0151vel <strong>Keser\u0171 Gizella<\/strong> irodalomt\u00f6rt\u00e9n\u00e9sz besz\u00e9lget a reg\u00e9nyr\u0151l (Pro Pannonia Kiad\u00f3).<\/p>\n<blockquote><p>Czilczer Olga 1940-ben sz\u00fcletett Szegv\u00e1ron. Zenei p\u00e1ly\u00e1n v\u00e9gzett tanulm\u00e1nyokat Szegeden. 1969-t\u0151l 1986-ig a Somogyi-k\u00f6nyt\u00e1r munkat\u00e1rsa volt. Els\u0151 versei a p\u00e9csi Jelenkorban \u00e9s a szegedi Egyetemi \u00dajs\u00e1gban jelentek meg. K\u00f6lt\u0151k\u00e9nt 1974-ben deb\u00fct\u00e1lt a Sz\u00e9pirodalmi K\u00f6nyvkiad\u00f3 Ne mondj le semmir\u0151l c\u00edm\u0171 antol\u00f3gi\u00e1j\u00e1ban. Az\u00f3ta rendszeresen publik\u00e1l irodalmi foly\u00f3iratokban. Kedvenc m\u0171faja a pr\u00f3zavers, de \u00edr szabad verset, pr\u00f3z\u00e1t is.<\/p><\/blockquote>\n<ul>\n<li>Helysz\u00edn: Somogyi-k\u00f6nyvt\u00e1r (D\u00f3m t\u00e9r 1\u20134.)<\/li>\n<li>Id\u0151pont: 2013. j\u00fanius 12. (szerda) 17.00<\/li>\n<\/ul>\n","protected":false},"excerpt":{"rendered":"<p>A szerz\u0151vel Keser\u0171 Gizella irodalomt\u00f6rt\u00e9n\u00e9sz besz\u00e9lget a reg\u00e9nyr\u0151l (Pro Pannonia Kiad\u00f3). Czilczer Olga 1940-ben sz\u00fcletett Szegv\u00e1ron. Zenei p\u00e1ly\u00e1n v\u00e9gzett tanulm\u00e1nyokat Szegeden. 1969-t\u0151l 1986-ig a Somogyi-k\u00f6nyt\u00e1r munkat\u00e1rsa volt. Els\u0151 versei a p\u00e9csi Jelenkorban \u00e9s a szegedi Egyetemi \u00dajs\u00e1gban jelentek meg. K\u00f6lt\u0151k\u00e9nt &hellip; <a href=\"http:\/\/konyvhetszeged2013.sk-szeged.hu\/?p=829\">Tov\u00e1bb <span class=\"meta-nav\">&rarr;<\/span><\/a><\/p>\n","protected":false},"author":2,"featured_media":0,"comment_status":"open","ping_status":"open","sticky":false,"template":"","format":"standard","meta":{"ngg_post_thumbnail":0,"footnotes":""},"categories":[148,233,17,234,20],"tags":[235],"class_list":["post-829","post","type-post","status-publish","format-standard","hentry","category-czilczer-olga","category-junius-12-szerda","category-konyvbemutato","category-pro-pannonia-kiado","category-somogyi-konyvtar","tag-keseru-gizella"],"_links":{"self":[{"href":"http:\/\/konyvhetszeged2013.sk-szeged.hu\/index.php?rest_route=\/wp\/v2\/posts\/829","targetHints":{"allow":["GET"]}}],"collection":[{"href":"http:\/\/konyvhetszeged2013.sk-szeged.hu\/index.php?rest_route=\/wp\/v2\/posts"}],"about":[{"href":"http:\/\/konyvhetszeged2013.sk-szeged.hu\/index.php?rest_route=\/wp\/v2\/types\/post"}],"author":[{"embeddable":true,"href":"http:\/\/konyvhetszeged2013.sk-szeged.hu\/index.php?rest_route=\/wp\/v2\/users\/2"}],"replies":[{"embeddable":true,"href":"http:\/\/konyvhetszeged2013.sk-szeged.hu\/index.php?rest_route=%2Fwp%2Fv2%2Fcomments&post=829"}],"version-history":[{"count":9,"href":"http:\/\/konyvhetszeged2013.sk-szeged.hu\/index.php?rest_route=\/wp\/v2\/posts\/829\/revisions"}],"predecessor-version":[{"id":2067,"href":"http:\/\/konyvhetszeged2013.sk-szeged.hu\/index.php?rest_route=\/wp\/v2\/posts\/829\/revisions\/2067"}],"wp:attachment":[{"href":"http:\/\/konyvhetszeged2013.sk-szeged.hu\/index.php?rest_route=%2Fwp%2Fv2%2Fmedia&parent=829"}],"wp:term":[{"taxonomy":"category","embeddable":true,"href":"http:\/\/konyvhetszeged2013.sk-szeged.hu\/index.php?rest_route=%2Fwp%2Fv2%2Fcategories&post=829"},{"taxonomy":"post_tag","embeddable":true,"href":"http:\/\/konyvhetszeged2013.sk-szeged.hu\/index.php?rest_route=%2Fwp%2Fv2%2Ftags&post=829"}],"curies":[{"name":"wp","href":"https:\/\/api.w.org\/{rel}","templated":true}]}}