{"id":805,"date":"2013-05-23T23:40:44","date_gmt":"2013-05-23T21:40:44","guid":{"rendered":"http:\/\/konyvhetszeged2013.sk-szeged.hu\/?p=805"},"modified":"2013-06-10T21:42:32","modified_gmt":"2013-06-10T19:42:32","slug":"szineszek-iroborben","status":"publish","type":"post","link":"http:\/\/konyvhetszeged2013.sk-szeged.hu\/?p=805","title":{"rendered":"Sz\u00edn\u00e9szek \u2013 \u00edr\u00f3b\u0151rben"},"content":{"rendered":"<p dir=\"ltr\" id=\"docs-internal-guid-2710c390-e18d-a0db-8105-17b02f61e22f\"><a href=\"http:\/\/konyvhetszeged2013.sk-szeged.hu\/wp-content\/uploads\/2013\/05\/geneziusz.jpg\"><img loading=\"lazy\" decoding=\"async\" class=\"alignleft size-medium wp-image-806\" alt=\"geneziusz\" src=\"http:\/\/konyvhetszeged2013.sk-szeged.hu\/wp-content\/uploads\/2013\/05\/geneziusz-300x249.jpg\" width=\"300\" height=\"249\" srcset=\"http:\/\/konyvhetszeged2013.sk-szeged.hu\/wp-content\/uploads\/2013\/05\/geneziusz-300x249.jpg 300w, http:\/\/konyvhetszeged2013.sk-szeged.hu\/wp-content\/uploads\/2013\/05\/geneziusz.jpg 350w\" sizes=\"auto, (max-width: 300px) 100vw, 300px\" \/><\/a><br \/>\nA <strong>Gen\u00e9ziusz Sz\u00ednh\u00e1z<\/strong> sz\u00edn\u00e9szei saj\u00e1t \u00edr\u00e1saiknak egy-egy r\u00e9szlet\u00e9t rendezik sz\u00ednpadra az est folyam\u00e1n \u00e9s arr\u00f3l besz\u00e9lgetnek, hogyan kapcsol\u00f3dik \u00f6ssze a sz\u00ednh\u00e1z, a rendez\u00e9s, a sz\u00edn\u00e9szet \u00e9s az \u00edr\u00e1s az \u00e9let\u00fckben.<\/p>\n<p><strong>M\u0171veiket bemutatj\u00e1k<\/strong>: Veres Kitti, Hajd\u00fa R\u00f3bert, Kun \u00c1ron, \u00dcllei Kov\u00e1cs Gizella Anna \u00e9s Horv\u00e1th Istv\u00e1n<\/p>\n<blockquote><p>A Gen\u00e9ziusz 15 f\u0151s \u00e1lland\u00f3 t\u00e1rsulata &#8211; n\u00e9ha vend\u00e9gm\u0171v\u00e9szekkel kieg\u00e9sz\u00fclve &#8211; egyszerre igyekszik sz\u00f3rakoztatni a k\u00f6z\u00f6ns\u00e9get, \u00e9s reflekt\u00e1lni a mai kor jelens\u00e9geire.<\/p><\/blockquote>\n<ul>\n<li>Helysz\u00edn: Zero Art Cafe (Miksz\u00e1th K\u00e1lm\u00e1n u. 20.)<\/li>\n<li>Id\u0151pont: 2013. j\u00fanius 10. (h\u00e9tf\u0151) 19.00<\/li>\n<\/ul>\n<p>Kapcsol\u00f3d\u00f3 inform\u00e1ci\u00f3:<br \/>\n<a href=\"http:\/\/konyvhetszeged2013.sk-szeged.hu\/wp-content\/uploads\/2013\/06\/zero_art_cafe_konyvhet.pdf\" target=\"_blank\">A Zero Art Cafe k\u00f6nyvheti programja<\/a><\/p>\n","protected":false},"excerpt":{"rendered":"<p>A Gen\u00e9ziusz Sz\u00ednh\u00e1z sz\u00edn\u00e9szei saj\u00e1t \u00edr\u00e1saiknak egy-egy r\u00e9szlet\u00e9t rendezik sz\u00ednpadra az est folyam\u00e1n \u00e9s arr\u00f3l besz\u00e9lgetnek, hogyan kapcsol\u00f3dik \u00f6ssze a sz\u00ednh\u00e1z, a rendez\u00e9s, a sz\u00edn\u00e9szet \u00e9s az \u00edr\u00e1s az \u00e9let\u00fckben. M\u0171veiket bemutatj\u00e1k: Veres Kitti, Hajd\u00fa R\u00f3bert, Kun \u00c1ron, \u00dcllei Kov\u00e1cs &hellip; <a href=\"http:\/\/konyvhetszeged2013.sk-szeged.hu\/?p=805\">Tov\u00e1bb <span class=\"meta-nav\">&rarr;<\/span><\/a><\/p>\n","protected":false},"author":2,"featured_media":0,"comment_status":"open","ping_status":"open","sticky":false,"template":"","format":"standard","meta":{"ngg_post_thumbnail":0,"footnotes":""},"categories":[30,15,21],"tags":[137,219,222,220,221,218],"class_list":["post-805","post","type-post","status-publish","format-standard","hentry","category-iro-olvaso-talalkozo","category-junius-10-hetfo","category-zero-art-cafe","tag-geneziusz-szinhaz","tag-hajdu-robert","tag-horvath-istvan","tag-kun-aron","tag-ullei-kovacs-gizella-anna","tag-veres-kitti"],"_links":{"self":[{"href":"http:\/\/konyvhetszeged2013.sk-szeged.hu\/index.php?rest_route=\/wp\/v2\/posts\/805","targetHints":{"allow":["GET"]}}],"collection":[{"href":"http:\/\/konyvhetszeged2013.sk-szeged.hu\/index.php?rest_route=\/wp\/v2\/posts"}],"about":[{"href":"http:\/\/konyvhetszeged2013.sk-szeged.hu\/index.php?rest_route=\/wp\/v2\/types\/post"}],"author":[{"embeddable":true,"href":"http:\/\/konyvhetszeged2013.sk-szeged.hu\/index.php?rest_route=\/wp\/v2\/users\/2"}],"replies":[{"embeddable":true,"href":"http:\/\/konyvhetszeged2013.sk-szeged.hu\/index.php?rest_route=%2Fwp%2Fv2%2Fcomments&post=805"}],"version-history":[{"count":9,"href":"http:\/\/konyvhetszeged2013.sk-szeged.hu\/index.php?rest_route=\/wp\/v2\/posts\/805\/revisions"}],"predecessor-version":[{"id":1696,"href":"http:\/\/konyvhetszeged2013.sk-szeged.hu\/index.php?rest_route=\/wp\/v2\/posts\/805\/revisions\/1696"}],"wp:attachment":[{"href":"http:\/\/konyvhetszeged2013.sk-szeged.hu\/index.php?rest_route=%2Fwp%2Fv2%2Fmedia&parent=805"}],"wp:term":[{"taxonomy":"category","embeddable":true,"href":"http:\/\/konyvhetszeged2013.sk-szeged.hu\/index.php?rest_route=%2Fwp%2Fv2%2Fcategories&post=805"},{"taxonomy":"post_tag","embeddable":true,"href":"http:\/\/konyvhetszeged2013.sk-szeged.hu\/index.php?rest_route=%2Fwp%2Fv2%2Ftags&post=805"}],"curies":[{"name":"wp","href":"https:\/\/api.w.org\/{rel}","templated":true}]}}