{"id":791,"date":"2013-05-24T00:10:54","date_gmt":"2013-05-23T22:10:54","guid":{"rendered":"http:\/\/konyvhetszeged2013.sk-szeged.hu\/?p=791"},"modified":"2013-06-10T21:35:46","modified_gmt":"2013-06-10T19:35:46","slug":"kozeleti-kavehaz-2012","status":"publish","type":"post","link":"http:\/\/konyvhetszeged2013.sk-szeged.hu\/?p=791","title":{"rendered":"K\u00f6z\u00e9leti K\u00e1v\u00e9h\u00e1z 2012"},"content":{"rendered":"<p><a href=\"http:\/\/konyvhetszeged2013.sk-szeged.hu\/wp-content\/uploads\/2013\/05\/kozeleti_logo.jpg\"><img loading=\"lazy\" decoding=\"async\" class=\"alignleft size-full wp-image-792\" alt=\"kozeleti_logo\" src=\"http:\/\/konyvhetszeged2013.sk-szeged.hu\/wp-content\/uploads\/2013\/05\/kozeleti_logo.jpg\" width=\"100\" height=\"100\" \/><\/a><\/p>\n<p dir=\"ltr\" id=\"docs-internal-guid-2710c390-e169-5c5d-62bc-4483d3a803ee\">Az \u00e9vk\u00f6nyv \u00fcnnep\u00e9lyes bemutat\u00f3ja<\/p>\n<p>H\u00e1zigazda: dr.<strong> Szalai Istv\u00e1n<\/strong>, a Szegedi K\u00f6z\u00e9leti K\u00e1v\u00e9h\u00e1z Alap\u00edtv\u00e1ny kurat\u00f3riumi eln\u00f6ke<\/p>\n<p>Vend\u00e9gek: dr.<strong> Majzik Istv\u00e1n<\/strong> \u00e9s dr.<strong> Szondi Ildik\u00f3<\/strong>, a k\u00f6tet szerkeszt\u0151i<\/p>\n<ul>\n<li>Helysz\u00edn: SZTE \u00c1llam- \u00e9s Jogtudom\u00e1nyi Kar, T\u00e1rsalg\u00f3 (Tisza L. krt. 54.)<\/li>\n<li>Id\u0151pont: 2013. j\u00fanius 10. (h\u00e9tf\u0151) 18.00<\/li>\n<\/ul>\n","protected":false},"excerpt":{"rendered":"<p>Az \u00e9vk\u00f6nyv \u00fcnnep\u00e9lyes bemutat\u00f3ja H\u00e1zigazda: dr. Szalai Istv\u00e1n, a Szegedi K\u00f6z\u00e9leti K\u00e1v\u00e9h\u00e1z Alap\u00edtv\u00e1ny kurat\u00f3riumi eln\u00f6ke Vend\u00e9gek: dr. Majzik Istv\u00e1n \u00e9s dr. Szondi Ildik\u00f3, a k\u00f6tet szerkeszt\u0151i Helysz\u00edn: SZTE \u00c1llam- \u00e9s Jogtudom\u00e1nyi Kar, T\u00e1rsalg\u00f3 (Tisza L. krt. 54.) Id\u0151pont: 2013. j\u00fanius &hellip; <a href=\"http:\/\/konyvhetszeged2013.sk-szeged.hu\/?p=791\">Tov\u00e1bb <span class=\"meta-nav\">&rarr;<\/span><\/a><\/p>\n","protected":false},"author":2,"featured_media":0,"comment_status":"open","ping_status":"open","sticky":false,"template":"","format":"standard","meta":{"ngg_post_thumbnail":0,"footnotes":""},"categories":[38,15,17,210],"tags":[214,211,213,212],"class_list":["post-791","post","type-post","status-publish","format-standard","hentry","category-baba-kiado","category-junius-10-hetfo","category-konyvbemutato","category-szte-ajk","tag-kozeleti-kavehaz","tag-majzik-istvan","tag-szalai-istvan","tag-szondi-ildiko"],"_links":{"self":[{"href":"http:\/\/konyvhetszeged2013.sk-szeged.hu\/index.php?rest_route=\/wp\/v2\/posts\/791","targetHints":{"allow":["GET"]}}],"collection":[{"href":"http:\/\/konyvhetszeged2013.sk-szeged.hu\/index.php?rest_route=\/wp\/v2\/posts"}],"about":[{"href":"http:\/\/konyvhetszeged2013.sk-szeged.hu\/index.php?rest_route=\/wp\/v2\/types\/post"}],"author":[{"embeddable":true,"href":"http:\/\/konyvhetszeged2013.sk-szeged.hu\/index.php?rest_route=\/wp\/v2\/users\/2"}],"replies":[{"embeddable":true,"href":"http:\/\/konyvhetszeged2013.sk-szeged.hu\/index.php?rest_route=%2Fwp%2Fv2%2Fcomments&post=791"}],"version-history":[{"count":10,"href":"http:\/\/konyvhetszeged2013.sk-szeged.hu\/index.php?rest_route=\/wp\/v2\/posts\/791\/revisions"}],"predecessor-version":[{"id":2036,"href":"http:\/\/konyvhetszeged2013.sk-szeged.hu\/index.php?rest_route=\/wp\/v2\/posts\/791\/revisions\/2036"}],"wp:attachment":[{"href":"http:\/\/konyvhetszeged2013.sk-szeged.hu\/index.php?rest_route=%2Fwp%2Fv2%2Fmedia&parent=791"}],"wp:term":[{"taxonomy":"category","embeddable":true,"href":"http:\/\/konyvhetszeged2013.sk-szeged.hu\/index.php?rest_route=%2Fwp%2Fv2%2Fcategories&post=791"},{"taxonomy":"post_tag","embeddable":true,"href":"http:\/\/konyvhetszeged2013.sk-szeged.hu\/index.php?rest_route=%2Fwp%2Fv2%2Ftags&post=791"}],"curies":[{"name":"wp","href":"https:\/\/api.w.org\/{rel}","templated":true}]}}