{"id":788,"date":"2013-05-24T00:20:48","date_gmt":"2013-05-23T22:20:48","guid":{"rendered":"http:\/\/konyvhetszeged2013.sk-szeged.hu\/?p=788"},"modified":"2013-06-10T21:35:37","modified_gmt":"2013-06-10T19:35:37","slug":"boldog-zoltan-dedikal","status":"publish","type":"post","link":"http:\/\/konyvhetszeged2013.sk-szeged.hu\/?p=788","title":{"rendered":"Boldog Zolt\u00e1n dedik\u00e1l"},"content":{"rendered":"<p><a href=\"http:\/\/konyvhetszeged2013.sk-szeged.hu\/wp-content\/uploads\/2013\/05\/boldog_zoltan.jpg\"><img loading=\"lazy\" decoding=\"async\" class=\"alignleft size-medium wp-image-782\" alt=\"boldog_zoltan\" src=\"http:\/\/konyvhetszeged2013.sk-szeged.hu\/wp-content\/uploads\/2013\/05\/boldog_zoltan-255x300.jpg\" width=\"219\" height=\"257\" srcset=\"http:\/\/konyvhetszeged2013.sk-szeged.hu\/wp-content\/uploads\/2013\/05\/boldog_zoltan-255x300.jpg 255w, http:\/\/konyvhetszeged2013.sk-szeged.hu\/wp-content\/uploads\/2013\/05\/boldog_zoltan.jpg 262w\" sizes=\"auto, (max-width: 219px) 100vw, 219px\" \/><\/a><\/p>\n<p>Boldog Zolt\u00e1n <strong>Kihez besz\u00e9l ez a faszi?<\/strong>\u00a0(Concord Media \u2013 Irodalmi Jelen k\u00f6nyvek) c\u00edm\u0171 k\u00f6tet\u00e9t dedik\u00e1lja a L\u00edra K\u00f6nyv Zrt. F\u00f3kusz K\u00f6nyv\u00e1ruh\u00e1z s\u00e1tr\u00e1n\u00e1l.<\/p>\n<ul>\n<li>Helysz\u00edn: Dugonics t\u00e9r<\/li>\n<li>Id\u0151pont: 2013. j\u00fanius 10. (h\u00e9tf\u0151) 18.00<\/li>\n<\/ul>\n<p>Kapcsol\u00f3d\u00f3 bejegyz\u00e9s:<br \/>\n<a href=\"http:\/\/konyvhetszeged2013.sk-szeged.hu\/?p=781\">Boldog Zolt\u00e1n: Kihez besz\u00e9l ez a faszi?<\/a><\/p>\n","protected":false},"excerpt":{"rendered":"<p>Boldog Zolt\u00e1n Kihez besz\u00e9l ez a faszi?\u00a0(Concord Media \u2013 Irodalmi Jelen k\u00f6nyvek) c\u00edm\u0171 k\u00f6tet\u00e9t dedik\u00e1lja a L\u00edra K\u00f6nyv Zrt. F\u00f3kusz K\u00f6nyv\u00e1ruh\u00e1z s\u00e1tr\u00e1n\u00e1l. Helysz\u00edn: Dugonics t\u00e9r Id\u0151pont: 2013. j\u00fanius 10. (h\u00e9tf\u0151) 18.00 Kapcsol\u00f3d\u00f3 bejegyz\u00e9s: Boldog Zolt\u00e1n: Kihez besz\u00e9l ez a faszi?<\/p>\n","protected":false},"author":2,"featured_media":0,"comment_status":"open","ping_status":"open","sticky":false,"template":"","format":"standard","meta":{"ngg_post_thumbnail":0,"footnotes":""},"categories":[208,209,36,39,15],"tags":[],"class_list":["post-788","post","type-post","status-publish","format-standard","hentry","category-boldog-zoltan","category-concord-media","category-dedikalas","category-dugonics-ter","category-junius-10-hetfo"],"_links":{"self":[{"href":"http:\/\/konyvhetszeged2013.sk-szeged.hu\/index.php?rest_route=\/wp\/v2\/posts\/788","targetHints":{"allow":["GET"]}}],"collection":[{"href":"http:\/\/konyvhetszeged2013.sk-szeged.hu\/index.php?rest_route=\/wp\/v2\/posts"}],"about":[{"href":"http:\/\/konyvhetszeged2013.sk-szeged.hu\/index.php?rest_route=\/wp\/v2\/types\/post"}],"author":[{"embeddable":true,"href":"http:\/\/konyvhetszeged2013.sk-szeged.hu\/index.php?rest_route=\/wp\/v2\/users\/2"}],"replies":[{"embeddable":true,"href":"http:\/\/konyvhetszeged2013.sk-szeged.hu\/index.php?rest_route=%2Fwp%2Fv2%2Fcomments&post=788"}],"version-history":[{"count":6,"href":"http:\/\/konyvhetszeged2013.sk-szeged.hu\/index.php?rest_route=\/wp\/v2\/posts\/788\/revisions"}],"predecessor-version":[{"id":2035,"href":"http:\/\/konyvhetszeged2013.sk-szeged.hu\/index.php?rest_route=\/wp\/v2\/posts\/788\/revisions\/2035"}],"wp:attachment":[{"href":"http:\/\/konyvhetszeged2013.sk-szeged.hu\/index.php?rest_route=%2Fwp%2Fv2%2Fmedia&parent=788"}],"wp:term":[{"taxonomy":"category","embeddable":true,"href":"http:\/\/konyvhetszeged2013.sk-szeged.hu\/index.php?rest_route=%2Fwp%2Fv2%2Fcategories&post=788"},{"taxonomy":"post_tag","embeddable":true,"href":"http:\/\/konyvhetszeged2013.sk-szeged.hu\/index.php?rest_route=%2Fwp%2Fv2%2Ftags&post=788"}],"curies":[{"name":"wp","href":"https:\/\/api.w.org\/{rel}","templated":true}]}}