{"id":776,"date":"2013-05-24T00:40:45","date_gmt":"2013-05-23T22:40:45","guid":{"rendered":"http:\/\/konyvhetszeged2013.sk-szeged.hu\/?p=776"},"modified":"2013-06-11T16:07:08","modified_gmt":"2013-06-11T14:07:08","slug":"olvaso-del-alfold","status":"publish","type":"post","link":"http:\/\/konyvhetszeged2013.sk-szeged.hu\/?p=776","title":{"rendered":"Olvas\u00f3 D\u00e9l-Alf\u00f6ld"},"content":{"rendered":"<p><a href=\"http:\/\/konyvhetszeged2013.sk-szeged.hu\/wp-content\/uploads\/2013\/05\/olvaso_delalfold.jpg\"><img loading=\"lazy\" decoding=\"async\" class=\"alignleft size-medium wp-image-777\" alt=\"olvaso_delalfold\" src=\"http:\/\/konyvhetszeged2013.sk-szeged.hu\/wp-content\/uploads\/2013\/05\/olvaso_delalfold.jpg\" width=\"299\" height=\"147\" srcset=\"http:\/\/konyvhetszeged2013.sk-szeged.hu\/wp-content\/uploads\/2013\/05\/olvaso_delalfold.jpg 319w, http:\/\/konyvhetszeged2013.sk-szeged.hu\/wp-content\/uploads\/2013\/05\/olvaso_delalfold-300x147.jpg 300w\" sizes=\"auto, (max-width: 299px) 100vw, 299px\" \/><\/a><\/p>\n<p dir=\"ltr\">Besz\u00e9lget\u00e9s a Somogyi-k\u00f6nyvt\u00e1r olvas\u00e1sn\u00e9pszer\u0171s\u00edt\u0151 programsorozat\u00e1nak el\u0151ad\u00f3ival<\/p>\n<p>Vend\u00e9g: <strong>Juh\u00e1sz Orsolya<\/strong> pedag\u00f3gus, <strong>T\u00f3th Andi<\/strong> b\u00e1bj\u00e1t\u00e9kos \u00e9s <strong>Hajd\u00fa G\u00e9za<\/strong>, a dorozsmai m\u0171vel\u0151d\u00e9si h\u00e1z igazgat\u00f3ja<br \/>\nBesz\u00e9lget\u0151t\u00e1rs: <strong>Karacs Rita<\/strong> \u00fajs\u00e1g\u00edr\u00f3<\/p>\n<blockquote><p>\u00a0A projekt keret\u00e9ben k\u00f6nyvt\u00e1runk t\u00f6bb programsorozatot is tervezett a k\u00f6nyvet nem, vagy ritk\u00e1n olvas\u00f3 feln\u0151ttek bevon\u00e1s\u00e1ra. A programokon kereszt\u00fcl a nemzeti irodalom alapjainak megismer\u00e9s\u00e9vel, n\u00e9pszer\u0171 olvasm\u00e1nyokkal \u00e9s az ezekhez kapcsol\u00f3d\u00f3 el\u0151ad\u00e1sokkal, a meg\u00e9rt\u00e9st seg\u00edt\u0151 tev\u00e9kenys\u00e9gekkel hozzuk k\u00f6zelebb az irodalmat a r\u00e9sztvev\u0151kh\u00f6z. Fontosnak tartjuk az interakt\u00edv programok beiktat\u00e1s\u00e1t, amelyek hat\u00e9konyan seg\u00edtik az olvas\u00e1si aktivit\u00e1s el\u00e9r\u00e9s\u00e9t.<\/p><\/blockquote>\n<ul>\n<li>Helysz\u00edn: Dugonics t\u00e9r<\/li>\n<li>Id\u0151pont: 2013. j\u00fanius 10. (h\u00e9tf\u0151) 17.30<\/li>\n<\/ul>\n<p>Kapcsol\u00f3d\u00f3 inform\u00e1ci\u00f3k:<br \/>\n<a href=\"http:\/\/olvasodelalfold.sk-szeged.hu\/\" target=\"_blank\">Az olvas\u00e1sn\u00e9pszer\u0171s\u00edt\u0151 program honlapja<\/a><\/p>\n<p><iframe loading=\"lazy\" src=\"http:\/\/www.youtube.com\/embed\/Yu-3a0x_Eiw\" height=\"315\" width=\"560\" allowfullscreen=\"\" frameborder=\"0\"><\/iframe><\/p>\n","protected":false},"excerpt":{"rendered":"<p>Besz\u00e9lget\u00e9s a Somogyi-k\u00f6nyvt\u00e1r olvas\u00e1sn\u00e9pszer\u0171s\u00edt\u0151 programsorozat\u00e1nak el\u0151ad\u00f3ival Vend\u00e9g: Juh\u00e1sz Orsolya pedag\u00f3gus, T\u00f3th Andi b\u00e1bj\u00e1t\u00e9kos \u00e9s Hajd\u00fa G\u00e9za, a dorozsmai m\u0171vel\u0151d\u00e9si h\u00e1z igazgat\u00f3ja Besz\u00e9lget\u0151t\u00e1rs: Karacs Rita \u00fajs\u00e1g\u00edr\u00f3 \u00a0A projekt keret\u00e9ben k\u00f6nyvt\u00e1runk t\u00f6bb programsorozatot is tervezett a k\u00f6nyvet nem, vagy ritk\u00e1n olvas\u00f3 feln\u0151ttek &hellip; <a href=\"http:\/\/konyvhetszeged2013.sk-szeged.hu\/?p=776\">Tov\u00e1bb <span class=\"meta-nav\">&rarr;<\/span><\/a><\/p>\n","protected":false},"author":2,"featured_media":0,"comment_status":"open","ping_status":"open","sticky":false,"template":"","format":"standard","meta":{"ngg_post_thumbnail":0,"footnotes":""},"categories":[40,39,15],"tags":[205,203,206,207,204],"class_list":["post-776","post","type-post","status-publish","format-standard","hentry","category-beszelgetes","category-dugonics-ter","category-junius-10-hetfo","tag-hajdu-geza","tag-juhasz-orsolya","tag-karacs-rita","tag-olvaso-del-alfold","tag-toth-andi"],"_links":{"self":[{"href":"http:\/\/konyvhetszeged2013.sk-szeged.hu\/index.php?rest_route=\/wp\/v2\/posts\/776","targetHints":{"allow":["GET"]}}],"collection":[{"href":"http:\/\/konyvhetszeged2013.sk-szeged.hu\/index.php?rest_route=\/wp\/v2\/posts"}],"about":[{"href":"http:\/\/konyvhetszeged2013.sk-szeged.hu\/index.php?rest_route=\/wp\/v2\/types\/post"}],"author":[{"embeddable":true,"href":"http:\/\/konyvhetszeged2013.sk-szeged.hu\/index.php?rest_route=\/wp\/v2\/users\/2"}],"replies":[{"embeddable":true,"href":"http:\/\/konyvhetszeged2013.sk-szeged.hu\/index.php?rest_route=%2Fwp%2Fv2%2Fcomments&post=776"}],"version-history":[{"count":12,"href":"http:\/\/konyvhetszeged2013.sk-szeged.hu\/index.php?rest_route=\/wp\/v2\/posts\/776\/revisions"}],"predecessor-version":[{"id":1649,"href":"http:\/\/konyvhetszeged2013.sk-szeged.hu\/index.php?rest_route=\/wp\/v2\/posts\/776\/revisions\/1649"}],"wp:attachment":[{"href":"http:\/\/konyvhetszeged2013.sk-szeged.hu\/index.php?rest_route=%2Fwp%2Fv2%2Fmedia&parent=776"}],"wp:term":[{"taxonomy":"category","embeddable":true,"href":"http:\/\/konyvhetszeged2013.sk-szeged.hu\/index.php?rest_route=%2Fwp%2Fv2%2Fcategories&post=776"},{"taxonomy":"post_tag","embeddable":true,"href":"http:\/\/konyvhetszeged2013.sk-szeged.hu\/index.php?rest_route=%2Fwp%2Fv2%2Ftags&post=776"}],"curies":[{"name":"wp","href":"https:\/\/api.w.org\/{rel}","templated":true}]}}