{"id":756,"date":"2013-05-24T01:20:28","date_gmt":"2013-05-23T23:20:28","guid":{"rendered":"http:\/\/konyvhetszeged2013.sk-szeged.hu\/?p=756"},"modified":"2013-06-10T21:34:26","modified_gmt":"2013-06-10T19:34:26","slug":"a-szegedi-harmonikazenekar-minikoncertje","status":"publish","type":"post","link":"http:\/\/konyvhetszeged2013.sk-szeged.hu\/?p=756","title":{"rendered":"A Szegedi Harmonikazenekar minikoncertje"},"content":{"rendered":"<p><a href=\"http:\/\/konyvhetszeged2013.sk-szeged.hu\/wp-content\/uploads\/2013\/05\/harmonika.jpg\"><img loading=\"lazy\" decoding=\"async\" class=\"alignleft size-medium wp-image-757\" alt=\"harmonika\" src=\"http:\/\/konyvhetszeged2013.sk-szeged.hu\/wp-content\/uploads\/2013\/05\/harmonika-300x224.jpg\" width=\"268\" height=\"200\" srcset=\"http:\/\/konyvhetszeged2013.sk-szeged.hu\/wp-content\/uploads\/2013\/05\/harmonika-300x224.jpg 300w, http:\/\/konyvhetszeged2013.sk-szeged.hu\/wp-content\/uploads\/2013\/05\/harmonika.jpg 350w\" sizes=\"auto, (max-width: 268px) 100vw, 268px\" \/><\/a><\/p>\n<blockquote><p>Az eur\u00f3pai eredet\u0171 hangszer alapjait a l\u00e9gszekr\u00e9ny \u00e9s a nyelvs\u00edpok jelentett\u00e9k. Az els\u0151, melyet harmonika n\u00e9ven szabadalmaztattak, 1829-ben k\u00e9sz\u00fclt B\u00e9csben, Cyrill Demian orgona- \u00e9s zongorak\u00e9sz\u00edt\u0151 munk\u00e1jak\u00e9nt. Az akkori p\u00e9ld\u00e1ny kev\u00e9ss\u00e9 hasonl\u00edtott napjaink harmonik\u00e1ira: csak a bal k\u00e9z sz\u00e1m\u00e1ra voltak rajta gombok, a jobb k\u00e9z puszt\u00e1n a l\u00e9gszekr\u00e9nyt kezelte. Demian vezette be az akkordok egyetlen gombbal t\u00f6rt\u00e9n\u0151 megsz\u00f3laltat\u00e1s\u00e1nak lehet\u0151s\u00e9g\u00e9t. Az elm\u00falt k\u00e9t \u00e9vsz\u00e1zadban tov\u00e1bbi fejl\u0151d\u00e9s k\u00f6vetkezett be. Sz\u00e1mtalan gombkioszt\u00e1st fejlesztettek ki, elt\u00e9r\u0151 regisztereket, prec\u00edzebb mechanik\u00e1t, hangsz\u00ednt megv\u00e1ltoztat\u00f3 mechanik\u00e1t stb. Szinte minden n\u00e9p elk\u00e9sz\u00edtette saj\u00e1t v\u00e1ltozat\u00e1t erre a hangszerre, ez egyben meg is nehez\u00edti a hangszer t\u00edpusainak kategoriz\u00e1l\u00e1s\u00e1t. (zene.hu)<\/p><\/blockquote>\n<ul>\n<li>Helysz\u00edn: Dugonics t\u00e9r<\/li>\n<li>Id\u0151pont: 2013. j\u00fanius 10. (h\u00e9tf\u0151) 16.30<\/li>\n<\/ul>\n","protected":false},"excerpt":{"rendered":"<p>Az eur\u00f3pai eredet\u0171 hangszer alapjait a l\u00e9gszekr\u00e9ny \u00e9s a nyelvs\u00edpok jelentett\u00e9k. Az els\u0151, melyet harmonika n\u00e9ven szabadalmaztattak, 1829-ben k\u00e9sz\u00fclt B\u00e9csben, Cyrill Demian orgona- \u00e9s zongorak\u00e9sz\u00edt\u0151 munk\u00e1jak\u00e9nt. Az akkori p\u00e9ld\u00e1ny kev\u00e9ss\u00e9 hasonl\u00edtott napjaink harmonik\u00e1ira: csak a bal k\u00e9z sz\u00e1m\u00e1ra voltak rajta &hellip; <a href=\"http:\/\/konyvhetszeged2013.sk-szeged.hu\/?p=756\">Tov\u00e1bb <span class=\"meta-nav\">&rarr;<\/span><\/a><\/p>\n","protected":false},"author":2,"featured_media":0,"comment_status":"open","ping_status":"open","sticky":false,"template":"","format":"standard","meta":{"ngg_post_thumbnail":0,"footnotes":""},"categories":[39,15,28],"tags":[196],"class_list":["post-756","post","type-post","status-publish","format-standard","hentry","category-dugonics-ter","category-junius-10-hetfo","category-zenes-program","tag-szegedi-harmonikazenekar"],"_links":{"self":[{"href":"http:\/\/konyvhetszeged2013.sk-szeged.hu\/index.php?rest_route=\/wp\/v2\/posts\/756","targetHints":{"allow":["GET"]}}],"collection":[{"href":"http:\/\/konyvhetszeged2013.sk-szeged.hu\/index.php?rest_route=\/wp\/v2\/posts"}],"about":[{"href":"http:\/\/konyvhetszeged2013.sk-szeged.hu\/index.php?rest_route=\/wp\/v2\/types\/post"}],"author":[{"embeddable":true,"href":"http:\/\/konyvhetszeged2013.sk-szeged.hu\/index.php?rest_route=\/wp\/v2\/users\/2"}],"replies":[{"embeddable":true,"href":"http:\/\/konyvhetszeged2013.sk-szeged.hu\/index.php?rest_route=%2Fwp%2Fv2%2Fcomments&post=756"}],"version-history":[{"count":7,"href":"http:\/\/konyvhetszeged2013.sk-szeged.hu\/index.php?rest_route=\/wp\/v2\/posts\/756\/revisions"}],"predecessor-version":[{"id":2029,"href":"http:\/\/konyvhetszeged2013.sk-szeged.hu\/index.php?rest_route=\/wp\/v2\/posts\/756\/revisions\/2029"}],"wp:attachment":[{"href":"http:\/\/konyvhetszeged2013.sk-szeged.hu\/index.php?rest_route=%2Fwp%2Fv2%2Fmedia&parent=756"}],"wp:term":[{"taxonomy":"category","embeddable":true,"href":"http:\/\/konyvhetszeged2013.sk-szeged.hu\/index.php?rest_route=%2Fwp%2Fv2%2Fcategories&post=756"},{"taxonomy":"post_tag","embeddable":true,"href":"http:\/\/konyvhetszeged2013.sk-szeged.hu\/index.php?rest_route=%2Fwp%2Fv2%2Ftags&post=756"}],"curies":[{"name":"wp","href":"https:\/\/api.w.org\/{rel}","templated":true}]}}