{"id":693,"date":"2013-05-24T02:50:05","date_gmt":"2013-05-24T00:50:05","guid":{"rendered":"http:\/\/konyvhetszeged2013.sk-szeged.hu\/?p=693"},"modified":"2013-06-10T07:06:50","modified_gmt":"2013-06-10T05:06:50","slug":"pipas-pista-szinpadon-es-konyvben","status":"publish","type":"post","link":"http:\/\/konyvhetszeged2013.sk-szeged.hu\/?p=693","title":{"rendered":"Pip\u00e1s Pista \u2013 sz\u00ednpadon \u00e9s k\u00f6nyvben"},"content":{"rendered":"<p dir=\"ltr\"><a href=\"http:\/\/konyvhetszeged2013.sk-szeged.hu\/wp-content\/uploads\/2013\/05\/szuzek_szornyek.jpg\"><img loading=\"lazy\" decoding=\"async\" class=\"alignleft  wp-image-694\" alt=\"szuzek_szornyek\" src=\"http:\/\/konyvhetszeged2013.sk-szeged.hu\/wp-content\/uploads\/2013\/05\/szuzek_szornyek.jpg\" width=\"233\" height=\"322\" srcset=\"http:\/\/konyvhetszeged2013.sk-szeged.hu\/wp-content\/uploads\/2013\/05\/szuzek_szornyek.jpg 300w, http:\/\/konyvhetszeged2013.sk-szeged.hu\/wp-content\/uploads\/2013\/05\/szuzek_szornyek-216x300.jpg 216w\" sizes=\"auto, (max-width: 233px) 100vw, 233px\" \/><\/a><\/p>\n<p dir=\"ltr\" id=\"docs-internal-guid-2710c390-dcf8-f634-89f2-9c0ce0eabc61\"><strong>Sz\u00ednpadi szerz\u0151k sz\u00ednpadon<\/strong><\/p>\n<p dir=\"ltr\" id=\"docs-internal-guid-2710c390-dd41-593c-96dd-f33721067465\">Besz\u00e9lget\u00e9s a Szegedi Nemzeti Sz\u00ednh\u00e1z idei \u0151sbemutat\u00f3j\u00e1r\u00f3l \u00e9s a Pozsgai Zsolt<strong> Sz\u00fczek \u00e9s sz\u00f6rnyek<\/strong> (P\u00fcski Kiad\u00f3) c\u00edm\u0171 leg\u00fajabb dr\u00e1mak\u00f6tet\u00e9r\u0151l<\/p>\n<p><strong>Pozsgai Zsolt<\/strong> \u00edr\u00f3val \u00e9s\u00a0 <strong>Kov\u00e1cs Frigyes<\/strong> rendez\u0151vel, a d\u00e9lvid\u00e9ki magyar sz\u00ednj\u00e1tsz\u00e1s kiemelked\u0151 alakj\u00e1val <strong>Balog J\u00f3zsef<\/strong> \u00fajs\u00e1g\u00edr\u00f3 besz\u00e9lget.<\/p>\n<blockquote><p>Pozsgai Zsolt dr\u00e1m\u00e1iban a versekre jellemz\u0151 koncentr\u00e1lt vil\u00e1g\u00e1br\u00e1zol\u00e1s mutatkozik meg. Ahogy a vers is \u00f6sszevon, szintetiz\u00e1l, \u00e9s mikrokifejez\u00e9si m\u00f3dra adapt\u00e1l helyzetet, emberi kapcsolatokat, hangulatokat, t\u00f6rt\u00e9n\u00e9seket \u2013 ezek a dr\u00e1m\u00e1k is a k\u00e9t \u00f3r\u00e1s el\u0151ad\u00e1si id\u0151tartamba eg\u00e9sz vil\u00e1gokat \u00e9p\u00edtenek be. Pozsgai szereti \u00e1br\u00e1zolni a magyar t\u00f6rt\u00e9nelmi helyzeteket, er\u0151sen r\u00e1mutatva ezzel a jelenkori p\u00e1rhuzamokra. A \u201eSalamon kir\u00e1ly\u201d a mindenkori megegyez\u00e9s kiegyez\u00e9s fontoss\u00e1g\u00e1r\u00f3l sz\u00f3l, \u00a0A KIR\u00c1LY \u00c9S A SZ\u0170Z apa \u00e9s l\u00e1nya konfliktus\u00e1r\u00f3l egy ellentmond\u00e1sokkal terhelt korszakb\u00f3l, de \u00a0mintha ma t\u00f6rt\u00e9nne ez is. A PIP\u00c1S PISTA a k\u00e9t vil\u00e1gh\u00e1bor\u00fa k\u00f6z\u00f6tti lelki nyomort \u00e1br\u00e1zolja, az els\u0151 vil\u00e1gh\u00e1bor\u00fas lelki maradv\u00e1nyok puszt\u00edt\u00f3 hat\u00e1s\u00e1t elemzi, \u00a0mik\u00f6zben m\u00e1r k\u00e9sz\u00fcl\u0151dik az \u00fajabb borzalmak hull\u00e1ma. A SZ\u0170Z \u00c9S A SZ\u00d6RNY a k\u00f6zelm\u00faltba rep\u00edt minket, egy megt\u00f6rt\u00e9nt j\u00f3zsefv\u00e1rosi esetet dolgozva fel. A t\u00f6rt\u00e9nelem \u00e9s a jelen \u00e1br\u00e1zol\u00e1sa Pozsgai Zsolt munk\u00e1ss\u00e1g\u00e1ban \u00f6ssze\u00e9r, ez\u00e9rt is v\u00e1lasztottuk be ezeket a \u00a0m\u0171veket ebbe az \u00faj k\u00f6tetbe.<\/p><\/blockquote>\n<ul>\n<li>Helysz\u00edn: Dugonics t\u00e9r<\/li>\n<li>Id\u0151pont: 2013. j\u00fanius 9. (vas\u00e1rnap) 18.00<\/li>\n<\/ul>\n<p>Kapcsol\u00f3d\u00f3 bejegyz\u00e9s:<br \/>\n<a href=\"http:\/\/konyvhetszeged2013.sk-szeged.hu\/?p=701\">Pozsgai Zsolt dedik\u00e1l<\/a><\/p>\n<p>Kapcsol\u00f3d\u00f3 inform\u00e1ci\u00f3k:<br \/>\n<a href=\"http:\/\/www.pozsgai.com\/naplo\/\" target=\"_blank\">Pozsgai Zsolt \u00edr\u00f3, rendez\u0151 honlapja<\/a><\/p>\n","protected":false},"excerpt":{"rendered":"<p>Sz\u00ednpadi szerz\u0151k sz\u00ednpadon Besz\u00e9lget\u00e9s a Szegedi Nemzeti Sz\u00ednh\u00e1z idei \u0151sbemutat\u00f3j\u00e1r\u00f3l \u00e9s a Pozsgai Zsolt Sz\u00fczek \u00e9s sz\u00f6rnyek (P\u00fcski Kiad\u00f3) c\u00edm\u0171 leg\u00fajabb dr\u00e1mak\u00f6tet\u00e9r\u0151l Pozsgai Zsolt \u00edr\u00f3val \u00e9s\u00a0 Kov\u00e1cs Frigyes rendez\u0151vel, a d\u00e9lvid\u00e9ki magyar sz\u00ednj\u00e1tsz\u00e1s kiemelked\u0151 alakj\u00e1val Balog J\u00f3zsef \u00fajs\u00e1g\u00edr\u00f3 besz\u00e9lget. Pozsgai &hellip; <a href=\"http:\/\/konyvhetszeged2013.sk-szeged.hu\/?p=693\">Tov\u00e1bb <span class=\"meta-nav\">&rarr;<\/span><\/a><\/p>\n","protected":false},"author":2,"featured_media":0,"comment_status":"open","ping_status":"open","sticky":false,"template":"","format":"standard","meta":{"ngg_post_thumbnail":0,"footnotes":""},"categories":[39,14,17,189,188],"tags":[184,270],"class_list":["post-693","post","type-post","status-publish","format-standard","hentry","category-dugonics-ter","category-junius-9-vasarnap","category-konyvbemutato","category-pozsgai-zsolt","category-puski-kiado","tag-balog-jozsef","tag-kovacs-frigyes"],"_links":{"self":[{"href":"http:\/\/konyvhetszeged2013.sk-szeged.hu\/index.php?rest_route=\/wp\/v2\/posts\/693","targetHints":{"allow":["GET"]}}],"collection":[{"href":"http:\/\/konyvhetszeged2013.sk-szeged.hu\/index.php?rest_route=\/wp\/v2\/posts"}],"about":[{"href":"http:\/\/konyvhetszeged2013.sk-szeged.hu\/index.php?rest_route=\/wp\/v2\/types\/post"}],"author":[{"embeddable":true,"href":"http:\/\/konyvhetszeged2013.sk-szeged.hu\/index.php?rest_route=\/wp\/v2\/users\/2"}],"replies":[{"embeddable":true,"href":"http:\/\/konyvhetszeged2013.sk-szeged.hu\/index.php?rest_route=%2Fwp%2Fv2%2Fcomments&post=693"}],"version-history":[{"count":13,"href":"http:\/\/konyvhetszeged2013.sk-szeged.hu\/index.php?rest_route=\/wp\/v2\/posts\/693\/revisions"}],"predecessor-version":[{"id":1810,"href":"http:\/\/konyvhetszeged2013.sk-szeged.hu\/index.php?rest_route=\/wp\/v2\/posts\/693\/revisions\/1810"}],"wp:attachment":[{"href":"http:\/\/konyvhetszeged2013.sk-szeged.hu\/index.php?rest_route=%2Fwp%2Fv2%2Fmedia&parent=693"}],"wp:term":[{"taxonomy":"category","embeddable":true,"href":"http:\/\/konyvhetszeged2013.sk-szeged.hu\/index.php?rest_route=%2Fwp%2Fv2%2Fcategories&post=693"},{"taxonomy":"post_tag","embeddable":true,"href":"http:\/\/konyvhetszeged2013.sk-szeged.hu\/index.php?rest_route=%2Fwp%2Fv2%2Ftags&post=693"}],"curies":[{"name":"wp","href":"https:\/\/api.w.org\/{rel}","templated":true}]}}