{"id":689,"date":"2013-05-24T03:00:12","date_gmt":"2013-05-24T01:00:12","guid":{"rendered":"http:\/\/konyvhetszeged2013.sk-szeged.hu\/?p=689"},"modified":"2013-06-10T07:06:28","modified_gmt":"2013-06-10T05:06:28","slug":"a-deszki-banat-szerb-neptancegyuttes-musora","status":"publish","type":"post","link":"http:\/\/konyvhetszeged2013.sk-szeged.hu\/?p=689","title":{"rendered":"A deszki B\u00e1n\u00e1t szerb n\u00e9pt\u00e1ncegy\u00fcttes m\u0171sora"},"content":{"rendered":"<p dir=\"ltr\"><a href=\"http:\/\/konyvhetszeged2013.sk-szeged.hu\/wp-content\/uploads\/2013\/05\/banat.jpg\"><img loading=\"lazy\" decoding=\"async\" class=\"alignleft  wp-image-690\" alt=\"banat\" src=\"http:\/\/konyvhetszeged2013.sk-szeged.hu\/wp-content\/uploads\/2013\/05\/banat.jpg\" width=\"358\" height=\"269\" srcset=\"http:\/\/konyvhetszeged2013.sk-szeged.hu\/wp-content\/uploads\/2013\/05\/banat.jpg 640w, http:\/\/konyvhetszeged2013.sk-szeged.hu\/wp-content\/uploads\/2013\/05\/banat-300x225.jpg 300w\" sizes=\"auto, (max-width: 358px) 100vw, 358px\" \/><\/a><\/p>\n<p>A program a Szegedi Helyi Szerb K\u00f6z\u00f6ss\u00e9g t\u00e1mogat\u00e1s\u00e1val val\u00f3sul meg.<\/p>\n<blockquote><p>Legfontosabb feladatunk a szerb kult\u00fara, a n\u00e9phagyom\u00e1nyok, a n\u00e9pzene, a n\u00e9pt\u00e1nc \u00e9s az anyanyelv \u00e1pol\u00e1sa illetve \u00e1t\u00f6r\u00f6k\u00edt\u00e9se a j\u00f6v\u0151 gener\u00e1ci\u00f3ja sz\u00e1m\u00e1ra. A komoly \u00e9s kitart\u00f3 munk\u00e1nknak k\u00f6sz\u00f6nhet\u0151en nagy sikerekkel vesz\u00fcnk r\u00e9szt k\u00fcl\u00f6nb\u00f6z\u0151 folkl\u00f3r \u00e9s min\u0151s\u00edt\u0151 versenyeken.<\/p><\/blockquote>\n<ul>\n<li>Helysz\u00edn: Dugonics t\u00e9r<\/li>\n<li>Id\u0151pont: 2013. j\u00fanius 9. (vas\u00e1rnap) 17.30<\/li>\n<\/ul>\n<p>Kapcsol\u00f3d\u00f3 inform\u00e1ci\u00f3k:<br \/>\n<a href=\"http:\/\/www.banat.hu\/\" target=\"_blank\">A \u201eB\u00e1n\u00e1t\u201d Szerb Kultur\u00e1lis K\u00f6zhaszn\u00fa Egyes\u00fclet honlapja<\/a><\/p>\n","protected":false},"excerpt":{"rendered":"<p>A program a Szegedi Helyi Szerb K\u00f6z\u00f6ss\u00e9g t\u00e1mogat\u00e1s\u00e1val val\u00f3sul meg. Legfontosabb feladatunk a szerb kult\u00fara, a n\u00e9phagyom\u00e1nyok, a n\u00e9pzene, a n\u00e9pt\u00e1nc \u00e9s az anyanyelv \u00e1pol\u00e1sa illetve \u00e1t\u00f6r\u00f6k\u00edt\u00e9se a j\u00f6v\u0151 gener\u00e1ci\u00f3ja sz\u00e1m\u00e1ra. A komoly \u00e9s kitart\u00f3 munk\u00e1nknak k\u00f6sz\u00f6nhet\u0151en nagy sikerekkel vesz\u00fcnk &hellip; <a href=\"http:\/\/konyvhetszeged2013.sk-szeged.hu\/?p=689\">Tov\u00e1bb <span class=\"meta-nav\">&rarr;<\/span><\/a><\/p>\n","protected":false},"author":2,"featured_media":0,"comment_status":"open","ping_status":"open","sticky":false,"template":"","format":"standard","meta":{"ngg_post_thumbnail":0,"footnotes":""},"categories":[39,14,157],"tags":[186],"class_list":["post-689","post","type-post","status-publish","format-standard","hentry","category-dugonics-ter","category-junius-9-vasarnap","category-tancos-eloadas","tag-banat-szerb-neptancegyuttes"],"_links":{"self":[{"href":"http:\/\/konyvhetszeged2013.sk-szeged.hu\/index.php?rest_route=\/wp\/v2\/posts\/689","targetHints":{"allow":["GET"]}}],"collection":[{"href":"http:\/\/konyvhetszeged2013.sk-szeged.hu\/index.php?rest_route=\/wp\/v2\/posts"}],"about":[{"href":"http:\/\/konyvhetszeged2013.sk-szeged.hu\/index.php?rest_route=\/wp\/v2\/types\/post"}],"author":[{"embeddable":true,"href":"http:\/\/konyvhetszeged2013.sk-szeged.hu\/index.php?rest_route=\/wp\/v2\/users\/2"}],"replies":[{"embeddable":true,"href":"http:\/\/konyvhetszeged2013.sk-szeged.hu\/index.php?rest_route=%2Fwp%2Fv2%2Fcomments&post=689"}],"version-history":[{"count":6,"href":"http:\/\/konyvhetszeged2013.sk-szeged.hu\/index.php?rest_route=\/wp\/v2\/posts\/689\/revisions"}],"predecessor-version":[{"id":1996,"href":"http:\/\/konyvhetszeged2013.sk-szeged.hu\/index.php?rest_route=\/wp\/v2\/posts\/689\/revisions\/1996"}],"wp:attachment":[{"href":"http:\/\/konyvhetszeged2013.sk-szeged.hu\/index.php?rest_route=%2Fwp%2Fv2%2Fmedia&parent=689"}],"wp:term":[{"taxonomy":"category","embeddable":true,"href":"http:\/\/konyvhetszeged2013.sk-szeged.hu\/index.php?rest_route=%2Fwp%2Fv2%2Fcategories&post=689"},{"taxonomy":"post_tag","embeddable":true,"href":"http:\/\/konyvhetszeged2013.sk-szeged.hu\/index.php?rest_route=%2Fwp%2Fv2%2Ftags&post=689"}],"curies":[{"name":"wp","href":"https:\/\/api.w.org\/{rel}","templated":true}]}}