{"id":684,"date":"2013-05-24T03:10:56","date_gmt":"2013-05-24T01:10:56","guid":{"rendered":"http:\/\/konyvhetszeged2013.sk-szeged.hu\/?p=684"},"modified":"2013-06-10T07:06:10","modified_gmt":"2013-06-10T05:06:10","slug":"zavada-pal-dedikal","status":"publish","type":"post","link":"http:\/\/konyvhetszeged2013.sk-szeged.hu\/?p=684","title":{"rendered":"Z\u00e1vada P\u00e1l dedik\u00e1l"},"content":{"rendered":"<p dir=\"ltr\"><a href=\"http:\/\/konyvhetszeged2013.sk-szeged.hu\/wp-content\/uploads\/2013\/05\/zavada_pal.jpg\"><img loading=\"lazy\" decoding=\"async\" class=\"alignleft  wp-image-685\" alt=\"zavada_pal\" src=\"http:\/\/konyvhetszeged2013.sk-szeged.hu\/wp-content\/uploads\/2013\/05\/zavada_pal-223x300.jpg\" width=\"181\" height=\"243\" srcset=\"http:\/\/konyvhetszeged2013.sk-szeged.hu\/wp-content\/uploads\/2013\/05\/zavada_pal-223x300.jpg 223w, http:\/\/konyvhetszeged2013.sk-szeged.hu\/wp-content\/uploads\/2013\/05\/zavada_pal.jpg 245w\" sizes=\"auto, (max-width: 181px) 100vw, 181px\" \/><\/a><\/p>\n<p>A L\u00edra K\u00f6nyv Zrt. F\u00f3kusz K\u00f6nyv\u00e1ruh\u00e1z s\u00e1tr\u00e1n\u00e1l Z\u00e1vada P\u00e1l <strong>Janka est\u00e9i<\/strong> c\u00edm\u0171 dr\u00e1mak\u00f6tet\u00e9t dedik\u00e1lja.<\/p>\n<blockquote><p>A feladat, hogy pr\u00f3zai m\u0171vet dramatiz\u00e1ljak, legal\u00e1bb m\u00e1sf\u00e9l \u00e9vtizede \u00e9rdekel. El\u0151sz\u00f6r \u2013 f\u00f6lk\u00e9r\u00e9sre \u2013 r\u00e1di\u00f3s adapt\u00e1ci\u00f3kat k\u00e9sz\u00edtettem saj\u00e1t k\u00f6nyveimb\u0151l, a <em>Kul\u00e1kpr\u00e9s<\/em>b\u0151l majd a <em>Jadviga p\u00e1rn\u00e1j\u00e1<\/em>b\u00f3l, illetve Gell\u00e9ri Andor Endre m\u0171v\u00e9b\u0151l, az <em>Egy \u00f6n\u00e9rzet t\u00f6rt\u00e9net\u00e9<\/em>b\u0151l.\u00a0 (litera.hu)<\/p><\/blockquote>\n<ul>\n<li>Helysz\u00edn: Dugonics t\u00e9r<\/li>\n<li>Id\u0151pont: 2013. j\u00fanius 9. (vas\u00e1rnap) 17.30<\/li>\n<\/ul>\n<p>Kapcsol\u00f3d\u00f3 bejegyz\u00e9s:<br \/>\n<a href=\"http:\/\/konyvhetszeged2013.sk-szeged.hu\/?p=670\">Az \u00dcnnepi K\u00f6nyvh\u00e9t vend\u00e9ge Z\u00e1vada P\u00e1l<\/a><\/p>\n","protected":false},"excerpt":{"rendered":"<p>A L\u00edra K\u00f6nyv Zrt. F\u00f3kusz K\u00f6nyv\u00e1ruh\u00e1z s\u00e1tr\u00e1n\u00e1l Z\u00e1vada P\u00e1l Janka est\u00e9i c\u00edm\u0171 dr\u00e1mak\u00f6tet\u00e9t dedik\u00e1lja. A feladat, hogy pr\u00f3zai m\u0171vet dramatiz\u00e1ljak, legal\u00e1bb m\u00e1sf\u00e9l \u00e9vtizede \u00e9rdekel. El\u0151sz\u00f6r \u2013 f\u00f6lk\u00e9r\u00e9sre \u2013 r\u00e1di\u00f3s adapt\u00e1ci\u00f3kat k\u00e9sz\u00edtettem saj\u00e1t k\u00f6nyveimb\u0151l, a Kul\u00e1kpr\u00e9sb\u0151l majd a Jadviga p\u00e1rn\u00e1j\u00e1b\u00f3l, illetve &hellip; <a href=\"http:\/\/konyvhetszeged2013.sk-szeged.hu\/?p=684\">Tov\u00e1bb <span class=\"meta-nav\">&rarr;<\/span><\/a><\/p>\n","protected":false},"author":2,"featured_media":0,"comment_status":"open","ping_status":"open","sticky":false,"template":"","format":"standard","meta":{"ngg_post_thumbnail":0,"footnotes":""},"categories":[36,39,14,185,127],"tags":[],"class_list":["post-684","post","type-post","status-publish","format-standard","hentry","category-dedikalas","category-dugonics-ter","category-junius-9-vasarnap","category-magveto-kiado","category-zavada-pal"],"_links":{"self":[{"href":"http:\/\/konyvhetszeged2013.sk-szeged.hu\/index.php?rest_route=\/wp\/v2\/posts\/684","targetHints":{"allow":["GET"]}}],"collection":[{"href":"http:\/\/konyvhetszeged2013.sk-szeged.hu\/index.php?rest_route=\/wp\/v2\/posts"}],"about":[{"href":"http:\/\/konyvhetszeged2013.sk-szeged.hu\/index.php?rest_route=\/wp\/v2\/types\/post"}],"author":[{"embeddable":true,"href":"http:\/\/konyvhetszeged2013.sk-szeged.hu\/index.php?rest_route=\/wp\/v2\/users\/2"}],"replies":[{"embeddable":true,"href":"http:\/\/konyvhetszeged2013.sk-szeged.hu\/index.php?rest_route=%2Fwp%2Fv2%2Fcomments&post=684"}],"version-history":[{"count":7,"href":"http:\/\/konyvhetszeged2013.sk-szeged.hu\/index.php?rest_route=\/wp\/v2\/posts\/684\/revisions"}],"predecessor-version":[{"id":1995,"href":"http:\/\/konyvhetszeged2013.sk-szeged.hu\/index.php?rest_route=\/wp\/v2\/posts\/684\/revisions\/1995"}],"wp:attachment":[{"href":"http:\/\/konyvhetszeged2013.sk-szeged.hu\/index.php?rest_route=%2Fwp%2Fv2%2Fmedia&parent=684"}],"wp:term":[{"taxonomy":"category","embeddable":true,"href":"http:\/\/konyvhetszeged2013.sk-szeged.hu\/index.php?rest_route=%2Fwp%2Fv2%2Fcategories&post=684"},{"taxonomy":"post_tag","embeddable":true,"href":"http:\/\/konyvhetszeged2013.sk-szeged.hu\/index.php?rest_route=%2Fwp%2Fv2%2Ftags&post=684"}],"curies":[{"name":"wp","href":"https:\/\/api.w.org\/{rel}","templated":true}]}}