{"id":656,"date":"2013-05-24T03:40:16","date_gmt":"2013-05-24T01:40:16","guid":{"rendered":"http:\/\/konyvhetszeged2013.sk-szeged.hu\/?p=656"},"modified":"2013-06-10T07:05:14","modified_gmt":"2013-06-10T05:05:14","slug":"indian-ekszerek-keszitese-arcfestes-es-tetovalas","status":"publish","type":"post","link":"http:\/\/konyvhetszeged2013.sk-szeged.hu\/?p=656","title":{"rendered":"Indi\u00e1n \u00e9kszerek k\u00e9sz\u00edt\u00e9se, arcfest\u00e9s \u00e9s \u201etetov\u00e1l\u00e1s\u201d"},"content":{"rendered":"<p dir=\"ltr\"><a href=\"http:\/\/konyvhetszeged2013.sk-szeged.hu\/wp-content\/uploads\/2013\/05\/aprotorpe_indianok.jpg\"><img loading=\"lazy\" decoding=\"async\" class=\"alignleft size-medium wp-image-657\" alt=\"aprotorpe_indianok\" src=\"http:\/\/konyvhetszeged2013.sk-szeged.hu\/wp-content\/uploads\/2013\/05\/aprotorpe_indianok-254x300.jpg\" width=\"245\" height=\"289\" srcset=\"http:\/\/konyvhetszeged2013.sk-szeged.hu\/wp-content\/uploads\/2013\/05\/aprotorpe_indianok-254x300.jpg 254w, http:\/\/konyvhetszeged2013.sk-szeged.hu\/wp-content\/uploads\/2013\/05\/aprotorpe_indianok.jpg 300w\" sizes=\"auto, (max-width: 245px) 100vw, 245px\" \/><\/a><\/p>\n<p dir=\"ltr\" id=\"docs-internal-guid-2710c390-dcf8-f634-89f2-9c0ce0eabc61\">A programra a Pagony s\u00e1tr\u00e1n\u00e1l v\u00e1rj\u00e1k a gyermekeket.<\/p>\n<p>\u00d6tletad\u00f3 k\u00f6nyves aj\u00e1nlat:<br \/>\n<strong>Erd\u0151s Istv\u00e1n<\/strong>: Apr\u00f3t\u00f6rpe indi\u00e1nok \u2013 A v\u00e1ndor var\u00e1zsl\u00f3<\/p>\n<blockquote><p>Az Apr\u00f3t\u00f6rpe indi\u00e1nok m\u00e1sodik k\u00f6tet\u00e9ben T\u00e1ncol\u00f3 Pitypang, az indi\u00e1nfi\u00fa, \u00e9s \u00c1s\u00edt\u00f3 Felh\u0151, az indi\u00e1nl\u00e1ny\u00a0 mindenf\u00e9le idegen l\u00e9nyekkel tal\u00e1lkozik \u00e9s ismerkedik meg: az \u00f3ri\u00e1sgy\u00edkkal, a r\u00e1kokkal, egy rejt\u00e9lyes mocs\u00e1ri \u00e9s egy erdei sz\u00f6rnnyel. Leleplezik a hatalmas tolvaj indi\u00e1nt \u00e9s seg\u00edtenek egy \u00f6reg, v\u00e1ndorl\u00f3 var\u00e1zsl\u00f3n. Mint eddig: T\u00e1ncol\u00f3 Pitypang b\u00e1tor \u00e9s kalandra k\u00e9sz, \u00c1s\u00edt\u00f3 Felh\u0151nek pedig mindig a hely\u00e9n az esze \u2013 m\u00e9g a legvesz\u00e9lyesebb helyzetben is. (pagony.hu)<\/p><\/blockquote>\n<ul>\n<li>Helysz\u00edn: Dugonics t\u00e9r<\/li>\n<li>Id\u0151pont: 2013. j\u00fanius 9. (vas\u00e1rnap) 16.00<\/li>\n<\/ul>\n<p>Kapcsol\u00f3d\u00f3 inform\u00e1ci\u00f3k:<br \/>\n<a href=\"http:\/\/konyvhetszeged2013.sk-szeged.hu\/wp-content\/uploads\/2013\/06\/pagony_k\u00f6nyvhet.pdf\" target=\"_blank\">A Pagony Kiad\u00f3 k\u00f6nyvheti programjai \u00e9s kiadv\u00e1nyai<\/a><\/p>\n","protected":false},"excerpt":{"rendered":"<p>A programra a Pagony s\u00e1tr\u00e1n\u00e1l v\u00e1rj\u00e1k a gyermekeket. \u00d6tletad\u00f3 k\u00f6nyves aj\u00e1nlat: Erd\u0151s Istv\u00e1n: Apr\u00f3t\u00f6rpe indi\u00e1nok \u2013 A v\u00e1ndor var\u00e1zsl\u00f3 Az Apr\u00f3t\u00f6rpe indi\u00e1nok m\u00e1sodik k\u00f6tet\u00e9ben T\u00e1ncol\u00f3 Pitypang, az indi\u00e1nfi\u00fa, \u00e9s \u00c1s\u00edt\u00f3 Felh\u0151, az indi\u00e1nl\u00e1ny\u00a0 mindenf\u00e9le idegen l\u00e9nyekkel tal\u00e1lkozik \u00e9s ismerkedik meg: &hellip; <a href=\"http:\/\/konyvhetszeged2013.sk-szeged.hu\/?p=656\">Tov\u00e1bb <span class=\"meta-nav\">&rarr;<\/span><\/a><\/p>\n","protected":false},"author":2,"featured_media":0,"comment_status":"open","ping_status":"open","sticky":false,"template":"","format":"standard","meta":{"ngg_post_thumbnail":0,"footnotes":""},"categories":[39,43,14,17,105],"tags":[183],"class_list":["post-656","post","type-post","status-publish","format-standard","hentry","category-dugonics-ter","category-gyermekprogram","category-junius-9-vasarnap","category-konyvbemutato","category-pagony-kiado","tag-erdos-istvan"],"_links":{"self":[{"href":"http:\/\/konyvhetszeged2013.sk-szeged.hu\/index.php?rest_route=\/wp\/v2\/posts\/656","targetHints":{"allow":["GET"]}}],"collection":[{"href":"http:\/\/konyvhetszeged2013.sk-szeged.hu\/index.php?rest_route=\/wp\/v2\/posts"}],"about":[{"href":"http:\/\/konyvhetszeged2013.sk-szeged.hu\/index.php?rest_route=\/wp\/v2\/types\/post"}],"author":[{"embeddable":true,"href":"http:\/\/konyvhetszeged2013.sk-szeged.hu\/index.php?rest_route=\/wp\/v2\/users\/2"}],"replies":[{"embeddable":true,"href":"http:\/\/konyvhetszeged2013.sk-szeged.hu\/index.php?rest_route=%2Fwp%2Fv2%2Fcomments&post=656"}],"version-history":[{"count":10,"href":"http:\/\/konyvhetszeged2013.sk-szeged.hu\/index.php?rest_route=\/wp\/v2\/posts\/656\/revisions"}],"predecessor-version":[{"id":1717,"href":"http:\/\/konyvhetszeged2013.sk-szeged.hu\/index.php?rest_route=\/wp\/v2\/posts\/656\/revisions\/1717"}],"wp:attachment":[{"href":"http:\/\/konyvhetszeged2013.sk-szeged.hu\/index.php?rest_route=%2Fwp%2Fv2%2Fmedia&parent=656"}],"wp:term":[{"taxonomy":"category","embeddable":true,"href":"http:\/\/konyvhetszeged2013.sk-szeged.hu\/index.php?rest_route=%2Fwp%2Fv2%2Fcategories&post=656"},{"taxonomy":"post_tag","embeddable":true,"href":"http:\/\/konyvhetszeged2013.sk-szeged.hu\/index.php?rest_route=%2Fwp%2Fv2%2Ftags&post=656"}],"curies":[{"name":"wp","href":"https:\/\/api.w.org\/{rel}","templated":true}]}}