{"id":603,"date":"2013-05-24T05:30:09","date_gmt":"2013-05-24T03:30:09","guid":{"rendered":"http:\/\/konyvhetszeged2013.sk-szeged.hu\/?p=603"},"modified":"2013-06-08T21:34:56","modified_gmt":"2013-06-08T19:34:56","slug":"medard-napi-szuletesnapi-est","status":"publish","type":"post","link":"http:\/\/konyvhetszeged2013.sk-szeged.hu\/?p=603","title":{"rendered":"Med\u00e1rd napi sz\u00fclet\u00e9snapi est"},"content":{"rendered":"<p><a href=\"http:\/\/konyvhetszeged2013.sk-szeged.hu\/wp-content\/uploads\/2013\/05\/szaniszlo_janos.jpg\"><img loading=\"lazy\" decoding=\"async\" class=\"alignleft size-full wp-image-604\" alt=\"szaniszlo_janos\" src=\"http:\/\/konyvhetszeged2013.sk-szeged.hu\/wp-content\/uploads\/2013\/05\/szaniszlo_janos.jpg\" width=\"235\" height=\"241\" \/><\/a><br \/>\nFell\u00e9pnek: az \u00dcnnepelt, <strong>Szaniszl\u00f3 J\u00e1nos<\/strong> dzsessz-zongoram\u0171v\u00e9sz \u00e9s vend\u00e9gei<\/p>\n<blockquote><p>Szaniszl\u00f3 J\u00e1nos 1949-ben sz\u00fc\u00adle\u00adtett Sze\u00adge\u00adden, itt foly\u00adta\u00adtott ko\u00admoly\u00adze\u00adnei ta\u00adnul\u00adm\u00e1\u00adnyo\u00adkat is, majd sa\u00adj\u00e1t be\u00adval\u00adl\u00e1\u00adsa sze\u00adrint <em>Oscar Peter\u00adson<\/em> zon\u00adgo\u00adra\u00adj\u00e1\u00adt\u00e9\u00adk\u00e1\u00adnak ha\u00adt\u00e1\u00ads\u00e1\u00adra kez\u00addett a dzsessz ir\u00e1nt \u00e9r\u00addek\u00adl\u0151d\u00adni. El\u00ads\u0151 egy\u00fct\u00adte\u00ads\u00e9t 1965 v\u00e9\u00adg\u00e9n ala\u00adp\u00ed\u00adtot\u00adta As\u00adto\u00adria Quar\u00adtet n\u00e9\u00adven, mely\u00adnek sza\u00adxo\u00adfo\u00adno\u00adsa <em>Mol\u00adn\u00e1r Gyu\u00adla<\/em>, a k\u00e9\u00ads\u0151b\u00adbi Mol\u00adn\u00e1r Di\u00adxi\u00ade\u00adland ve\u00adze\u00adt\u0151\u00adje volt. Be\u00admu\u00adtat\u00adko\u00adz\u00e1\u00adsuk\u00adra 1966. feb\u00adru\u00ad\u00e1r 12-\u00e9n ke\u00adr\u00fclt sor, me\u00adlyen a fi\u00ada\u00adtal zon\u00adgo\u00adris\u00adta j\u00e1\u00adt\u00e9\u00adk\u00e1\u00adra azon\u00adnal fel\u00adfi\u00adgyel\u00adtek a he\u00adlyi mu\u00adzsi\u00adku\u00adsok. <em>Gonda J\u00e1\u00adnos<\/em> meg\u00adh\u00ed\u00adv\u00e1\u00ads\u00e1\u00adra egy \u00e9vig a dzsessz-tan\u00adszak hall\u00adga\u00adt\u00f3\u00adja volt Bu\u00adda\u00adpes\u00adten. 1981 \u0151sz\u00e9n P\u00e1\u00adrizs\u00adba ke\u00adr\u00fclt, ahol f\u0151\u00adk\u00e9nt \u00e9j\u00adsza\u00adkai klu\u00adbok\u00adban zon\u00adgo\u00adr\u00e1\u00adzott, majd 1982 j\u00fa\u00adli\u00adu\u00ads\u00e1\u00adban ki\u00adv\u00e1n\u00addo\u00adrolt az Egye\u00ads\u00fclt \u00c1l\u00adla\u00admok\u00adba. Nevad\u00e1ban \u00e9s Ka\u00adli\u00adfor\u00adni\u00ad\u00e1\u00adban he\u00adlyi dzsessz\u00admu\u00adzsi\u00adku\u00adsok\u00adkal l\u00e9\u00adpett fel, t\u00f6b\u00adbek k\u00f6\u00adz\u00f6tt <em>Ja\u00adnis Far\u00adley<\/em> \u00e9ne\u00adkes\u00adn\u0151\u00advel, aki\u00adnek dal\u00adsz\u00f6\u00adve\u00adgei k\u00f6\u00adz\u00fcl t\u00f6b\u00adbet meg is ze\u00adn\u00e9\u00ads\u00ed\u00adtett. K\u00e9\u00ads\u0151bb Los An\u00adge\u00adles\u00adbe, majd Santa Bar\u00adba\u00adr\u00e1\u00adba k\u00f6l\u00adt\u00f6\u00adz\u00f6tt, egy sze\u00admesz\u00adter ere\u00adj\u00e9\u00adig dzsessz\u00adze\u00adnei ta\u00adnul\u00adm\u00e1\u00adnyo\u00adkat is foly\u00adta\u00adtott, il\u00adlet\u00adve gyak\u00adran sze\u00adre\u00adpelt he\u00adlyi ze\u00adn\u00e9\u00adszek\u00adkel a santa bar\u00adbarai dzsessz\u00adfesz\u00adti\u00adv\u00e1\u00adlon. 1990-ben vis\u00ad\u00adsza\u00adt\u00e9rt Ma\u00adgyar\u00ador\u00adsz\u00e1g\u00adra, az el\u00adm\u00falt \u00e9vek\u00adben f\u0151\u00adk\u00e9nt Sze\u00adge\u00adden l\u00e9p fel. (u-szeged.hu)<\/p><\/blockquote>\n<ul>\n<li>Helysz\u00edn: B\u00e1lint S\u00e1ndor M\u0171vel\u0151d\u00e9si H\u00e1z<\/li>\n<li>Id\u0151pont: 2013. j\u00fanius 8. (szombat) 19.00<\/li>\n<\/ul>\n","protected":false},"excerpt":{"rendered":"<p>Fell\u00e9pnek: az \u00dcnnepelt, Szaniszl\u00f3 J\u00e1nos dzsessz-zongoram\u0171v\u00e9sz \u00e9s vend\u00e9gei Szaniszl\u00f3 J\u00e1nos 1949-ben sz\u00fc\u00adle\u00adtett Sze\u00adge\u00adden, itt foly\u00adta\u00adtott ko\u00admoly\u00adze\u00adnei ta\u00adnul\u00adm\u00e1\u00adnyo\u00adkat is, majd sa\u00adj\u00e1t be\u00adval\u00adl\u00e1\u00adsa sze\u00adrint Oscar Peter\u00adson zon\u00adgo\u00adra\u00adj\u00e1\u00adt\u00e9\u00adk\u00e1\u00adnak ha\u00adt\u00e1\u00ads\u00e1\u00adra kez\u00addett a dzsessz ir\u00e1nt \u00e9r\u00addek\u00adl\u0151d\u00adni. El\u00ads\u0151 egy\u00fct\u00adte\u00ads\u00e9t 1965 v\u00e9\u00adg\u00e9n ala\u00adp\u00ed\u00adtot\u00adta As\u00adto\u00adria Quar\u00adtet n\u00e9\u00adven, mely\u00adnek &hellip; <a href=\"http:\/\/konyvhetszeged2013.sk-szeged.hu\/?p=603\">Tov\u00e1bb <span class=\"meta-nav\">&rarr;<\/span><\/a><\/p>\n","protected":false},"author":2,"featured_media":0,"comment_status":"open","ping_status":"open","sticky":false,"template":"","format":"standard","meta":{"ngg_post_thumbnail":0,"footnotes":""},"categories":[27,13,28],"tags":[176],"class_list":["post-603","post","type-post","status-publish","format-standard","hentry","category-balint-sandor-muvelodesi-haz","category-junius-8-szombat","category-zenes-program","tag-szaniszlo-janos"],"_links":{"self":[{"href":"http:\/\/konyvhetszeged2013.sk-szeged.hu\/index.php?rest_route=\/wp\/v2\/posts\/603","targetHints":{"allow":["GET"]}}],"collection":[{"href":"http:\/\/konyvhetszeged2013.sk-szeged.hu\/index.php?rest_route=\/wp\/v2\/posts"}],"about":[{"href":"http:\/\/konyvhetszeged2013.sk-szeged.hu\/index.php?rest_route=\/wp\/v2\/types\/post"}],"author":[{"embeddable":true,"href":"http:\/\/konyvhetszeged2013.sk-szeged.hu\/index.php?rest_route=\/wp\/v2\/users\/2"}],"replies":[{"embeddable":true,"href":"http:\/\/konyvhetszeged2013.sk-szeged.hu\/index.php?rest_route=%2Fwp%2Fv2%2Fcomments&post=603"}],"version-history":[{"count":9,"href":"http:\/\/konyvhetszeged2013.sk-szeged.hu\/index.php?rest_route=\/wp\/v2\/posts\/603\/revisions"}],"predecessor-version":[{"id":1973,"href":"http:\/\/konyvhetszeged2013.sk-szeged.hu\/index.php?rest_route=\/wp\/v2\/posts\/603\/revisions\/1973"}],"wp:attachment":[{"href":"http:\/\/konyvhetszeged2013.sk-szeged.hu\/index.php?rest_route=%2Fwp%2Fv2%2Fmedia&parent=603"}],"wp:term":[{"taxonomy":"category","embeddable":true,"href":"http:\/\/konyvhetszeged2013.sk-szeged.hu\/index.php?rest_route=%2Fwp%2Fv2%2Fcategories&post=603"},{"taxonomy":"post_tag","embeddable":true,"href":"http:\/\/konyvhetszeged2013.sk-szeged.hu\/index.php?rest_route=%2Fwp%2Fv2%2Ftags&post=603"}],"curies":[{"name":"wp","href":"https:\/\/api.w.org\/{rel}","templated":true}]}}