{"id":59,"date":"2013-05-24T17:40:40","date_gmt":"2013-05-24T15:40:40","guid":{"rendered":"http:\/\/konyvhetszeged2013.sk-szeged.hu\/?p=59"},"modified":"2013-06-05T06:11:29","modified_gmt":"2013-06-05T04:11:29","slug":"legenda-koltemeny-hangverseny","status":"publish","type":"post","link":"http:\/\/konyvhetszeged2013.sk-szeged.hu\/?p=59","title":{"rendered":"Legenda \u2013 k\u00f6ltem\u00e9ny \u2013 hangverseny"},"content":{"rendered":"<p><a href=\"http:\/\/konyvhetszeged2013.sk-szeged.hu\/wp-content\/uploads\/2013\/05\/dsida_jeno.jpg\"><img loading=\"lazy\" decoding=\"async\" class=\"alignleft  wp-image-60\" alt=\"dsida_jeno\" src=\"http:\/\/konyvhetszeged2013.sk-szeged.hu\/wp-content\/uploads\/2013\/05\/dsida_jeno-233x300.jpg\" width=\"189\" height=\"243\" srcset=\"http:\/\/konyvhetszeged2013.sk-szeged.hu\/wp-content\/uploads\/2013\/05\/dsida_jeno-233x300.jpg 233w, http:\/\/konyvhetszeged2013.sk-szeged.hu\/wp-content\/uploads\/2013\/05\/dsida_jeno.jpg 258w\" sizes=\"auto, (max-width: 189px) 100vw, 189px\" \/><\/a><\/p>\n<p dir=\"ltr\" id=\"docs-internal-guid-42738ff0-c345-a853-cffb-1061b721f5c3\"><strong>Kiss Ern\u0151<\/strong> \u00f6n\u00e1ll\u00f3 estje <strong>Dsida Jen\u0151<\/strong> hal\u00e1l\u00e1nak 75. \u00e9vfordul\u00f3ja tisztelet\u00e9re<\/p>\n<blockquote><p>Ha verskedvel\u0151 ember Dsida-k\u00f6ltem\u00e9nyeket olvas, hajland\u00f3 megfeledkezni mindenki m\u00e1sr\u00f3l, \u00e9s el sem tudja k\u00e9pzelni, hogy egy\u00e1ltal\u00e1n lehet enn\u00e9l szebb, finomabb, t\u00f6k\u00e9letesebb k\u00f6lt\u00e9szet. Nem, nem volt v\u00e1laszad\u00f3, nem volt ir\u00e1nyt mutat\u00f3, t\u00f6megeket helyes t\u00f6rt\u00e9nelmi \u00fatra vez\u00e9rl\u0151 l\u00e1ngelme, nem volt k\u00f6lt\u00e9szet\u00e9vel egyben t\u00f6rt\u00e9nelmi alak. Val\u00f3j\u00e1ban amolyan kismester volt, de micsoda mester! Tal\u00e1n \u00fagy mondhatn\u00e1nk, hogy a leg\u00f3ri\u00e1sabb a kicsinyek k\u00f6z\u00f6tt; a meghitt mag\u00e1n\u00e9lm\u00e9nyek, a jelent\u00e9ktelen apr\u00f3s\u00e1gok zsenije, a format\u00f6k\u00e9ly mesterj\u00e1t\u00e9kosa. (Heged\u00fcs G\u00e9za)<\/p><\/blockquote>\n<ul>\n<li>Helysz\u00edn: B\u00e1lint S\u00e1ndor M\u0171vel\u0151d\u00e9si H\u00e1z (Temesv\u00e1ri krt. 42.)<\/li>\n<li>Id\u0151pont: 2013. j\u00fanius 4. (kedd) 19.30<\/li>\n<\/ul>\n<p>Olvasnival\u00f3:<br \/>\n<a href=\"http:\/\/mek.oszk.hu\/00600\/00640\/html\/\" target=\"_blank\">Dsida Jen\u0151 \u00f6sszes k\u00f6ltem\u00e9nye a Magyar Elektronikus K\u00f6nyvt\u00e1rban<\/a><br \/>\n<a href=\"http:\/\/www.forrasfolyoirat.hu\/1002\/vincze.pdf\" target=\"_blank\">A k\u00e9s\u0151 modern po\u00e9tika jellegzetess\u00e9gei Dsida Jen\u0151 k\u00f6lt\u00e9szet\u00e9ben<\/a> (Vincze Ferenc, Forr\u00e1s 2010)<br \/>\n<a href=\"http:\/\/www.google.hu\/url?sa=t&amp;rct=j&amp;q=&amp;esrc=s&amp;source=web&amp;cd=81&amp;ved=0CCoQFjAAOFA&amp;url=http%3A%2F%2Fwww.researchgate.net%2Fpublication%2F221675749_Ks_modern_tendencik_Dsida_Jen_verseiben%2Ffile%2F9fcfd4ffc7eef20cf2.pdf&amp;ei=k8qqUdbpM83ltQa1wIHwBQ&amp;usg=AFQjCNFfjlPB3fkxEwVKjun2UcRo7nRmbg&amp;bvm=bv.47244034,d.bGE\" target=\"_blank\">K\u00e9s\u0151 modern tendenci\u00e1k Dsida Jen\u0151 verseiben<\/a> (Szilveszter L\u00e1szl\u00f3, Erd\u00e9lyi M\u00fazeum 2008)<br \/>\n<a href=\"http:\/\/www.hhrf.org\/europaiutas\/67\/46_47.pdf\" target=\"_blank\">Dsida Jen\u0151 K\u00f6z\u00e9p-Eur\u00f3p\u00e1ja<\/a> (Amedeo Di Francesco, Eur\u00f3pai Utas 2007)<\/p>\n","protected":false},"excerpt":{"rendered":"<p>Kiss Ern\u0151 \u00f6n\u00e1ll\u00f3 estje Dsida Jen\u0151 hal\u00e1l\u00e1nak 75. \u00e9vfordul\u00f3ja tisztelet\u00e9re Ha verskedvel\u0151 ember Dsida-k\u00f6ltem\u00e9nyeket olvas, hajland\u00f3 megfeledkezni mindenki m\u00e1sr\u00f3l, \u00e9s el sem tudja k\u00e9pzelni, hogy egy\u00e1ltal\u00e1n lehet enn\u00e9l szebb, finomabb, t\u00f6k\u00e9letesebb k\u00f6lt\u00e9szet. Nem, nem volt v\u00e1laszad\u00f3, nem volt ir\u00e1nyt mutat\u00f3, &hellip; <a href=\"http:\/\/konyvhetszeged2013.sk-szeged.hu\/?p=59\">Tov\u00e1bb <span class=\"meta-nav\">&rarr;<\/span><\/a><\/p>\n","protected":false},"author":2,"featured_media":0,"comment_status":"open","ping_status":"open","sticky":false,"template":"","format":"standard","meta":{"ngg_post_thumbnail":0,"footnotes":""},"categories":[27,5,28],"tags":[26,25],"class_list":["post-59","post","type-post","status-publish","format-standard","hentry","category-balint-sandor-muvelodesi-haz","category-junius-4-kedd","category-zenes-program","tag-dsida-jeno","tag-kiss-erno"],"_links":{"self":[{"href":"http:\/\/konyvhetszeged2013.sk-szeged.hu\/index.php?rest_route=\/wp\/v2\/posts\/59","targetHints":{"allow":["GET"]}}],"collection":[{"href":"http:\/\/konyvhetszeged2013.sk-szeged.hu\/index.php?rest_route=\/wp\/v2\/posts"}],"about":[{"href":"http:\/\/konyvhetszeged2013.sk-szeged.hu\/index.php?rest_route=\/wp\/v2\/types\/post"}],"author":[{"embeddable":true,"href":"http:\/\/konyvhetszeged2013.sk-szeged.hu\/index.php?rest_route=\/wp\/v2\/users\/2"}],"replies":[{"embeddable":true,"href":"http:\/\/konyvhetszeged2013.sk-szeged.hu\/index.php?rest_route=%2Fwp%2Fv2%2Fcomments&post=59"}],"version-history":[{"count":15,"href":"http:\/\/konyvhetszeged2013.sk-szeged.hu\/index.php?rest_route=\/wp\/v2\/posts\/59\/revisions"}],"predecessor-version":[{"id":1743,"href":"http:\/\/konyvhetszeged2013.sk-szeged.hu\/index.php?rest_route=\/wp\/v2\/posts\/59\/revisions\/1743"}],"wp:attachment":[{"href":"http:\/\/konyvhetszeged2013.sk-szeged.hu\/index.php?rest_route=%2Fwp%2Fv2%2Fmedia&parent=59"}],"wp:term":[{"taxonomy":"category","embeddable":true,"href":"http:\/\/konyvhetszeged2013.sk-szeged.hu\/index.php?rest_route=%2Fwp%2Fv2%2Fcategories&post=59"},{"taxonomy":"post_tag","embeddable":true,"href":"http:\/\/konyvhetszeged2013.sk-szeged.hu\/index.php?rest_route=%2Fwp%2Fv2%2Ftags&post=59"}],"curies":[{"name":"wp","href":"https:\/\/api.w.org\/{rel}","templated":true}]}}