{"id":453,"date":"2013-05-24T09:00:55","date_gmt":"2013-05-24T07:00:55","guid":{"rendered":"http:\/\/konyvhetszeged2013.sk-szeged.hu\/?p=453"},"modified":"2013-06-08T13:27:44","modified_gmt":"2013-06-08T11:27:44","slug":"punk-maria-harom-csiko","status":"publish","type":"post","link":"http:\/\/konyvhetszeged2013.sk-szeged.hu\/?p=453","title":{"rendered":"Punk M\u00e1ria: H\u00e1rom csik\u00f3"},"content":{"rendered":"<p><a href=\"http:\/\/konyvhetszeged2013.sk-szeged.hu\/wp-content\/uploads\/2013\/05\/harom_csiko.jpg\"><img loading=\"lazy\" decoding=\"async\" class=\"alignleft size-medium wp-image-1249\" alt=\"harom_csiko\" src=\"http:\/\/konyvhetszeged2013.sk-szeged.hu\/wp-content\/uploads\/2013\/05\/harom_csiko-209x300.jpg\" width=\"209\" height=\"300\" srcset=\"http:\/\/konyvhetszeged2013.sk-szeged.hu\/wp-content\/uploads\/2013\/05\/harom_csiko-209x300.jpg 209w, http:\/\/konyvhetszeged2013.sk-szeged.hu\/wp-content\/uploads\/2013\/05\/harom_csiko.jpg 281w\" sizes=\"auto, (max-width: 209px) 100vw, 209px\" \/><\/a><\/p>\n<p dir=\"ltr\" id=\"docs-internal-guid-5c22d4b1-d147-4fb8-e90e-d4cff7a844b4\">A B\u00e1ba Kiad\u00f3 gondoz\u00e1s\u00e1ban megjelent k\u00f6nyvet <strong>dr. Majzik Istv\u00e1n<\/strong> mutatja\u00a0 be.<\/p>\n<blockquote><p>Punk M\u00e1ria k\u00f6lt\u0151 \u00e9s dr\u00e1mapedag\u00f3gus. 2002 \u00f3ta foglalkozik amat\u0151r sz\u00ednj\u00e1tsz\u00e1ssal. Nev\u00e9hez f\u0171z\u0151dik a ritu\u00e1lpedag\u00f3gia elm\u00e9leti \u00e9s gyakorlati m\u00f3dszer\u00e9nek kidolgoz\u00e1sa, amely egy \u00faj, alternat\u00edv sz\u00ednh\u00e1zm\u0171v\u00e9szeti nevel\u00e9sm\u00f3dszertan a dr\u00e1mapedag\u00f3gi\u00e1hoz hasonl\u00f3an.<br \/>\n2002 \u00f3ta \u00edr verseket, melyekben a ki\u00fatkeres\u00e9s, a mag\u00e1nyoss\u00e1g\u00e9rzet, az emberi \u00e9rt\u00e9kek radik\u00e1lis k\u00e9pviselete n\u00e9hol sz\u00fcrke t\u00f3nus\u00fa, m\u00e9gis rem\u00e9nyked\u0151 hangja sz\u00f3lal meg. Gyermekversei a vid\u00e9ki \u00e9let megismer\u00e9s\u00e9hez adnak betekint\u00e9st, f\u0151k\u00e9pp term\u00e9szeti jelens\u00e9gekr\u0151l \u00e9s \u00e1llatokr\u00f3l sz\u00f3lnak ritmusos, humoros hangv\u00e9tellel. (Wikip\u00e9dia)<\/p><\/blockquote>\n<ul>\n<li>Helysz\u00edn: Bibliot\u00e9ka Egyes\u00fclet K\u00f6nyvt\u00e1ra (K\u00e1lv\u00e1ria sgt. 14.)<\/li>\n<li>Id\u0151pont: 2013. j\u00fanius 8. (szombat) 10.00<\/li>\n<\/ul>\n<p>Kapcsol\u00f3d\u00f3 inform\u00e1ci\u00f3k:<br \/>\n<a href=\"http:\/\/www.punkmaria.hu\/\" target=\"_blank\">Punk M\u00e1ria honlapja<\/a><\/p>\n","protected":false},"excerpt":{"rendered":"<p>A B\u00e1ba Kiad\u00f3 gondoz\u00e1s\u00e1ban megjelent k\u00f6nyvet dr. Majzik Istv\u00e1n mutatja\u00a0 be. Punk M\u00e1ria k\u00f6lt\u0151 \u00e9s dr\u00e1mapedag\u00f3gus. 2002 \u00f3ta foglalkozik amat\u0151r sz\u00ednj\u00e1tsz\u00e1ssal. Nev\u00e9hez f\u0171z\u0151dik a ritu\u00e1lpedag\u00f3gia elm\u00e9leti \u00e9s gyakorlati m\u00f3dszer\u00e9nek kidolgoz\u00e1sa, amely egy \u00faj, alternat\u00edv sz\u00ednh\u00e1zm\u0171v\u00e9szeti nevel\u00e9sm\u00f3dszertan a dr\u00e1mapedag\u00f3gi\u00e1hoz hasonl\u00f3an. 2002 &hellip; <a href=\"http:\/\/konyvhetszeged2013.sk-szeged.hu\/?p=453\">Tov\u00e1bb <span class=\"meta-nav\">&rarr;<\/span><\/a><\/p>\n","protected":false},"author":2,"featured_media":0,"comment_status":"open","ping_status":"open","sticky":false,"template":"","format":"standard","meta":{"ngg_post_thumbnail":0,"footnotes":""},"categories":[38,143,13,17,144],"tags":[211],"class_list":["post-453","post","type-post","status-publish","format-standard","hentry","category-baba-kiado","category-biblioteka-egyesulet-konyvtara","category-junius-8-szombat","category-konyvbemutato","category-punk-maria","tag-majzik-istvan"],"_links":{"self":[{"href":"http:\/\/konyvhetszeged2013.sk-szeged.hu\/index.php?rest_route=\/wp\/v2\/posts\/453","targetHints":{"allow":["GET"]}}],"collection":[{"href":"http:\/\/konyvhetszeged2013.sk-szeged.hu\/index.php?rest_route=\/wp\/v2\/posts"}],"about":[{"href":"http:\/\/konyvhetszeged2013.sk-szeged.hu\/index.php?rest_route=\/wp\/v2\/types\/post"}],"author":[{"embeddable":true,"href":"http:\/\/konyvhetszeged2013.sk-szeged.hu\/index.php?rest_route=\/wp\/v2\/users\/2"}],"replies":[{"embeddable":true,"href":"http:\/\/konyvhetszeged2013.sk-szeged.hu\/index.php?rest_route=%2Fwp%2Fv2%2Fcomments&post=453"}],"version-history":[{"count":11,"href":"http:\/\/konyvhetszeged2013.sk-szeged.hu\/index.php?rest_route=\/wp\/v2\/posts\/453\/revisions"}],"predecessor-version":[{"id":1951,"href":"http:\/\/konyvhetszeged2013.sk-szeged.hu\/index.php?rest_route=\/wp\/v2\/posts\/453\/revisions\/1951"}],"wp:attachment":[{"href":"http:\/\/konyvhetszeged2013.sk-szeged.hu\/index.php?rest_route=%2Fwp%2Fv2%2Fmedia&parent=453"}],"wp:term":[{"taxonomy":"category","embeddable":true,"href":"http:\/\/konyvhetszeged2013.sk-szeged.hu\/index.php?rest_route=%2Fwp%2Fv2%2Fcategories&post=453"},{"taxonomy":"post_tag","embeddable":true,"href":"http:\/\/konyvhetszeged2013.sk-szeged.hu\/index.php?rest_route=%2Fwp%2Fv2%2Ftags&post=453"}],"curies":[{"name":"wp","href":"https:\/\/api.w.org\/{rel}","templated":true}]}}