{"id":400,"date":"2013-05-24T10:10:28","date_gmt":"2013-05-24T08:10:28","guid":{"rendered":"http:\/\/konyvhetszeged2013.sk-szeged.hu\/?p=400"},"modified":"2013-06-08T07:43:57","modified_gmt":"2013-06-08T05:43:57","slug":"villamcsodulet-az-olvasas-dicseretere","status":"publish","type":"post","link":"http:\/\/konyvhetszeged2013.sk-szeged.hu\/?p=400","title":{"rendered":"Vill\u00e1mcs\u0151d\u00fclet az olvas\u00e1s dics\u00e9ret\u00e9re"},"content":{"rendered":"<p><a href=\"http:\/\/konyvhetszeged2013.sk-szeged.hu\/wp-content\/uploads\/2013\/05\/darvasi_laszlo.jpg\"><img loading=\"lazy\" decoding=\"async\" class=\"alignleft size-medium wp-image-1199\" alt=\"darvasi_laszlo\" src=\"http:\/\/konyvhetszeged2013.sk-szeged.hu\/wp-content\/uploads\/2013\/05\/darvasi_laszlo-300x201.jpg\" width=\"255\" height=\"170\" srcset=\"http:\/\/konyvhetszeged2013.sk-szeged.hu\/wp-content\/uploads\/2013\/05\/darvasi_laszlo-300x201.jpg 300w, http:\/\/konyvhetszeged2013.sk-szeged.hu\/wp-content\/uploads\/2013\/05\/darvasi_laszlo.jpg 400w\" sizes=\"auto, (max-width: 255px) 100vw, 255px\" \/><\/a><\/p>\n<p>Az ebben az id\u0151pontban a Dugonics t\u00e9ren tart\u00f3zkod\u00f3k k\u00f6z\u00f6sen felolvass\u00e1k <strong>Darvasi L\u00e1szl\u00f3<\/strong> <strong>Az\u00e9rt olvasok<\/strong> c\u00edm\u0171 sz\u00f6veg\u00e9t, melyet a szerz\u0151 kifejezetten erre az alkalomra \u00edrt.<br \/>\nA rendezv\u00e9ny f\u0151szervez\u0151je a K\u00f6z\u00e9p-Kelet-Eur\u00f3pai Rekre\u00e1ci\u00f3s T\u00e1rsas\u00e1g (KERT).<\/p>\n<blockquote>\n<p style=\"padding-left: 90px;\">Az\u00e9rt olvasok&#8230;<br \/>\nT\u00f6bben mondj\u00e1k, esetleg&#8230;.<br \/>\nAz\u00e9rt olvasok, hogy ne f\u00e9ljek.<br \/>\nAz\u00e9rt olvasok, hogy otthon legyek.<br \/>\nAz\u00e9rt olvasok, hogy ne legyek otthon.<br \/>\n\u00c9n nem tudom, mi\u00e9rt olvasok. Csak olvasok.<br \/>\n\u00c9n \u00fagy olvasok, mintha engem is olvasn\u00e1nak.<br \/>\n\u00c9n az\u00e9rt olvasok, mert egy m\u00e1sik embert keresek.<br \/>\n\u00c9n az\u00e9rt olvasok, mert magamat keresem.<br \/>\n\u00c9n az\u00e9rt olvasok, hogy megtal\u00e1ljanak.<br \/>\n\u00c9n az\u00e9rt olvasok, mert \u00e9rdekel a m\u00falt.<br \/>\n\u00c9n az\u00e9rt olvasok, mert \u00e9rdekel a j\u00f6v\u0151.<br \/>\n\u00c9n az\u00e9rt olvasok, mert \u00e9rdekel a jelen.<br \/>\n\u00c9n az\u00e9rt olvasok, mert szeretni akarok.<br \/>\n\u00c9n az\u00e9rt olvasok, mert keresek.<br \/>\n&#8230; \u00e9s amikor olvasok, megtal\u00e1lom.<\/p>\n<\/blockquote>\n<ul>\n<li>Helysz\u00edn: Dugonics t\u00e9r<\/li>\n<li>Id\u0151pont: 2013. j\u00fanius 7. (p\u00e9ntek) 19.15<\/li>\n<\/ul>\n<p>Kapcsol\u00f3d\u00f3 inform\u00e1ci\u00f3k:<br \/>\n<a href=\"https:\/\/www.facebook.com\/events\/556631557708386\/\" target=\"_blank\">Az esem\u00e9ny a Facebookon<\/a><br \/>\n<a href=\"http:\/\/konyvhetszeged2013.sk-szeged.hu\/wp-content\/uploads\/2013\/06\/villamcsodulet_kert.pdf\" target=\"_blank\">A K\u00f6z\u00e9p-Kelet-Eur\u00f3pai Rekre\u00e1ci\u00f3s T\u00e1rsas\u00e1g (KERT) felh\u00edv\u00e1sa<\/a><br \/>\n<a href=\"http:\/\/konyvhetszeged2013.sk-szeged.hu\/wp-content\/uploads\/2013\/06\/kert_standporgram.pdf\" target=\"_blank\">A KERT p\u00e9nteki standj\u00e1nak programja<\/a><\/p>\n","protected":false},"excerpt":{"rendered":"<p>Az ebben az id\u0151pontban a Dugonics t\u00e9ren tart\u00f3zkod\u00f3k k\u00f6z\u00f6sen felolvass\u00e1k Darvasi L\u00e1szl\u00f3 Az\u00e9rt olvasok c\u00edm\u0171 sz\u00f6veg\u00e9t, melyet a szerz\u0151 kifejezetten erre az alkalomra \u00edrt. A rendezv\u00e9ny f\u0151szervez\u0151je a K\u00f6z\u00e9p-Kelet-Eur\u00f3pai Rekre\u00e1ci\u00f3s T\u00e1rsas\u00e1g (KERT). Az\u00e9rt olvasok&#8230; T\u00f6bben mondj\u00e1k, esetleg&#8230;. Az\u00e9rt olvasok, hogy &hellip; <a href=\"http:\/\/konyvhetszeged2013.sk-szeged.hu\/?p=400\">Tov\u00e1bb <span class=\"meta-nav\">&rarr;<\/span><\/a><\/p>\n","protected":false},"author":2,"featured_media":0,"comment_status":"open","ping_status":"open","sticky":false,"template":"","format":"standard","meta":{"ngg_post_thumbnail":0,"footnotes":""},"categories":[130,39,12,18],"tags":[259],"class_list":["post-400","post","type-post","status-publish","format-standard","hentry","category-darvasi-laszlo","category-dugonics-ter","category-junius-7-pentek","category-kozossegi-program","tag-kozep-kelet-europai-rekreacios-tarsasag"],"_links":{"self":[{"href":"http:\/\/konyvhetszeged2013.sk-szeged.hu\/index.php?rest_route=\/wp\/v2\/posts\/400","targetHints":{"allow":["GET"]}}],"collection":[{"href":"http:\/\/konyvhetszeged2013.sk-szeged.hu\/index.php?rest_route=\/wp\/v2\/posts"}],"about":[{"href":"http:\/\/konyvhetszeged2013.sk-szeged.hu\/index.php?rest_route=\/wp\/v2\/types\/post"}],"author":[{"embeddable":true,"href":"http:\/\/konyvhetszeged2013.sk-szeged.hu\/index.php?rest_route=\/wp\/v2\/users\/2"}],"replies":[{"embeddable":true,"href":"http:\/\/konyvhetszeged2013.sk-szeged.hu\/index.php?rest_route=%2Fwp%2Fv2%2Fcomments&post=400"}],"version-history":[{"count":19,"href":"http:\/\/konyvhetszeged2013.sk-szeged.hu\/index.php?rest_route=\/wp\/v2\/posts\/400\/revisions"}],"predecessor-version":[{"id":1652,"href":"http:\/\/konyvhetszeged2013.sk-szeged.hu\/index.php?rest_route=\/wp\/v2\/posts\/400\/revisions\/1652"}],"wp:attachment":[{"href":"http:\/\/konyvhetszeged2013.sk-szeged.hu\/index.php?rest_route=%2Fwp%2Fv2%2Fmedia&parent=400"}],"wp:term":[{"taxonomy":"category","embeddable":true,"href":"http:\/\/konyvhetszeged2013.sk-szeged.hu\/index.php?rest_route=%2Fwp%2Fv2%2Fcategories&post=400"},{"taxonomy":"post_tag","embeddable":true,"href":"http:\/\/konyvhetszeged2013.sk-szeged.hu\/index.php?rest_route=%2Fwp%2Fv2%2Ftags&post=400"}],"curies":[{"name":"wp","href":"https:\/\/api.w.org\/{rel}","templated":true}]}}