{"id":379,"date":"2013-05-24T10:40:42","date_gmt":"2013-05-24T08:40:42","guid":{"rendered":"http:\/\/konyvhetszeged2013.sk-szeged.hu\/?p=379"},"modified":"2013-06-08T07:43:14","modified_gmt":"2013-06-08T05:43:14","slug":"szent-gyorgyi-albert-a-szepiro","status":"publish","type":"post","link":"http:\/\/konyvhetszeged2013.sk-szeged.hu\/?p=379","title":{"rendered":"Szent-Gy\u00f6rgyi Albert, a \u201esz\u00e9p\u00edr\u00f3\u201d"},"content":{"rendered":"<p><a href=\"http:\/\/konyvhetszeged2013.sk-szeged.hu\/wp-content\/uploads\/2013\/05\/szent_gyorgyi_albert.jpg\"><img loading=\"lazy\" decoding=\"async\" class=\"alignleft size-medium wp-image-1188\" alt=\"szent_gyorgyi_albert\" src=\"http:\/\/konyvhetszeged2013.sk-szeged.hu\/wp-content\/uploads\/2013\/05\/szent_gyorgyi_albert-247x300.jpg\" width=\"205\" height=\"249\" srcset=\"http:\/\/konyvhetszeged2013.sk-szeged.hu\/wp-content\/uploads\/2013\/05\/szent_gyorgyi_albert-247x300.jpg 247w, http:\/\/konyvhetszeged2013.sk-szeged.hu\/wp-content\/uploads\/2013\/05\/szent_gyorgyi_albert.jpg 270w\" sizes=\"auto, (max-width: 205px) 100vw, 205px\" \/><\/a><br \/>\n\u00cdzel\u00edt\u0151 a Szegedi Egyetemi Kiad\u00f3 k\u00e9sz\u00fcl\u0151 k\u00f6tet\u00e9b\u0151l<\/p>\n<p>El\u0151ad\u00f3: <strong>P\u00e1l J\u00f3zsef<\/strong> irodalomt\u00f6rt\u00e9n\u00e9sz professzor, az SZTE nemzetk\u00f6zi \u00e9s k\u00f6zkapcsolati rektorhelyettese.<\/p>\n<ul>\n<li>Helysz\u00edn: Szent-Gy\u00f6rgyi Albert egykori munkahelye, k\u00f6nyvt\u00e1ra (D\u00f3m t\u00e9r 8.)<\/li>\n<li>Id\u0151pont: 2013. j\u00fanius 7. (p\u00e9ntek) 18.00<\/li>\n<\/ul>\n","protected":false},"excerpt":{"rendered":"<p>\u00cdzel\u00edt\u0151 a Szegedi Egyetemi Kiad\u00f3 k\u00e9sz\u00fcl\u0151 k\u00f6tet\u00e9b\u0151l El\u0151ad\u00f3: P\u00e1l J\u00f3zsef irodalomt\u00f6rt\u00e9n\u00e9sz professzor, az SZTE nemzetk\u00f6zi \u00e9s k\u00f6zkapcsolati rektorhelyettese. Helysz\u00edn: Szent-Gy\u00f6rgyi Albert egykori munkahelye, k\u00f6nyvt\u00e1ra (D\u00f3m t\u00e9r 8.) Id\u0151pont: 2013. j\u00fanius 7. (p\u00e9ntek) 18.00<\/p>\n","protected":false},"author":2,"featured_media":0,"comment_status":"open","ping_status":"open","sticky":false,"template":"","format":"standard","meta":{"ngg_post_thumbnail":0,"footnotes":""},"categories":[12,17,63,126],"tags":[61,258],"class_list":["post-379","post","type-post","status-publish","format-standard","hentry","category-junius-7-pentek","category-konyvbemutato","category-szegedi-egyetemi-kiado","category-szent-gyorgyi-a-munkahelye","tag-pal-jozsef","tag-szent-gyorgyi-albert"],"_links":{"self":[{"href":"http:\/\/konyvhetszeged2013.sk-szeged.hu\/index.php?rest_route=\/wp\/v2\/posts\/379","targetHints":{"allow":["GET"]}}],"collection":[{"href":"http:\/\/konyvhetszeged2013.sk-szeged.hu\/index.php?rest_route=\/wp\/v2\/posts"}],"about":[{"href":"http:\/\/konyvhetszeged2013.sk-szeged.hu\/index.php?rest_route=\/wp\/v2\/types\/post"}],"author":[{"embeddable":true,"href":"http:\/\/konyvhetszeged2013.sk-szeged.hu\/index.php?rest_route=\/wp\/v2\/users\/2"}],"replies":[{"embeddable":true,"href":"http:\/\/konyvhetszeged2013.sk-szeged.hu\/index.php?rest_route=%2Fwp%2Fv2%2Fcomments&post=379"}],"version-history":[{"count":12,"href":"http:\/\/konyvhetszeged2013.sk-szeged.hu\/index.php?rest_route=\/wp\/v2\/posts\/379\/revisions"}],"predecessor-version":[{"id":1927,"href":"http:\/\/konyvhetszeged2013.sk-szeged.hu\/index.php?rest_route=\/wp\/v2\/posts\/379\/revisions\/1927"}],"wp:attachment":[{"href":"http:\/\/konyvhetszeged2013.sk-szeged.hu\/index.php?rest_route=%2Fwp%2Fv2%2Fmedia&parent=379"}],"wp:term":[{"taxonomy":"category","embeddable":true,"href":"http:\/\/konyvhetszeged2013.sk-szeged.hu\/index.php?rest_route=%2Fwp%2Fv2%2Fcategories&post=379"},{"taxonomy":"post_tag","embeddable":true,"href":"http:\/\/konyvhetszeged2013.sk-szeged.hu\/index.php?rest_route=%2Fwp%2Fv2%2Ftags&post=379"}],"curies":[{"name":"wp","href":"https:\/\/api.w.org\/{rel}","templated":true}]}}