{"id":230,"date":"2013-05-24T14:00:24","date_gmt":"2013-05-24T12:00:24","guid":{"rendered":"http:\/\/konyvhetszeged2013.sk-szeged.hu\/?p=230"},"modified":"2013-06-06T22:06:48","modified_gmt":"2013-06-06T20:06:48","slug":"temesi-ferenc-apam","status":"publish","type":"post","link":"http:\/\/konyvhetszeged2013.sk-szeged.hu\/?p=230","title":{"rendered":"Temesi Ferenc: Ap\u00e1m"},"content":{"rendered":"<p><a href=\"http:\/\/konyvhetszeged2013.sk-szeged.hu\/wp-content\/uploads\/2013\/05\/apam.jpg\"><img loading=\"lazy\" decoding=\"async\" class=\"alignleft size-medium wp-image-1050\" alt=\"apam\" src=\"http:\/\/konyvhetszeged2013.sk-szeged.hu\/wp-content\/uploads\/2013\/05\/apam-173x300.jpg\" width=\"173\" height=\"300\" srcset=\"http:\/\/konyvhetszeged2013.sk-szeged.hu\/wp-content\/uploads\/2013\/05\/apam-173x300.jpg 173w, http:\/\/konyvhetszeged2013.sk-szeged.hu\/wp-content\/uploads\/2013\/05\/apam.jpg 250w\" sizes=\"auto, (max-width: 173px) 100vw, 173px\" \/><\/a><\/p>\n<p><strong><\/strong>A bab\u00e9rkoszor\u00fas \u00e9s J\u00f3zsef Attila-d\u00edjas \u00edr\u00f3val Ap\u00e1m c\u00edm\u0171 reg\u00e9ny\u00e9r\u0151l\u00a0(L&#8217; Harmattan) <strong>B\u00e1tyi Zolt\u00e1n<\/strong> \u00fajs\u00e1g\u00edr\u00f3 besz\u00e9lget.<\/p>\n<blockquote><p>T\u00f6bb sz\u00e1z oldalas bes\u00fag\u00f3i jelent\u00e9sekre alapozva \u00edrtam meg ap\u00e1m sors\u00e1t, akivel 1957-t\u0151l 1971-ig \u00fagy b\u00e1ntak a titkos tart\u00f3tisztek \u00fcgyn\u00f6keiken, bes\u00fag\u00f3ikon kereszt\u00fcl, ahogy rendes reg\u00e9ny\u00edr\u00f3 nem b\u00e1nik a figur\u00e1ival. Ap\u00e1m ugyanis visszautas\u00edtotta azt, hogy spicli legyen. \u00d6tvenh\u00e9tig \u00e1ltal\u00e1nosiskola-igazgat\u00f3 volt, azt\u00e1n seg\u00e9dmunk\u00e1s, majd tan\u00edt\u00f3. K\u00e9t b\u0171ne volt: magyar volt, \u00e9s kereszt\u00e9ny. Hogy egy kisv\u00e1rosban kisemberek kiskocsm\u00e1ban kisfr\u00f6ccs\u00f6t isznak, vajon mi\u00e9rt lehet \u00e9rdekes a politikai bels\u0151 elh\u00e1r\u00edt\u00e1s sz\u00e1m\u00e1ra, ezt a gyerekeim \u00e9s unok\u00e1im csak akkor \u00e9rtik meg, ha nemcsak vil\u00e1gt\u00f6rt\u00e9nelmi helyzetbe helyezem az eg\u00e9szet, de kult\u00fart\u00f6rt\u00e9neti kontextusba is. A m\u00falt sz\u00e1zad m\u00e1r t\u00f6rt\u00e9nelemnek sz\u00e1m\u00edt\u00f3 hatvanas \u00e9veir\u0151l van sz\u00f3, amelyben az akkor f\u00f6ln\u00f6v\u0151 nemzed\u00e9k m\u00e9g n\u00e9mi szabads\u00e1g ill\u00fazi\u00f3j\u00e1ban is ringatta mag\u00e1t, igaz, nem sok\u00e1ig. (harmattan.hu)<\/p><\/blockquote>\n<ul>\n<li>Helysz\u00edn: Dugonics t\u00e9r<\/li>\n<li>Id\u0151pont: 2013. j\u00fanius 6. (cs\u00fct\u00f6rt\u00f6k) 18.30<\/li>\n<\/ul>\n","protected":false},"excerpt":{"rendered":"<p>A bab\u00e9rkoszor\u00fas \u00e9s J\u00f3zsef Attila-d\u00edjas \u00edr\u00f3val Ap\u00e1m c\u00edm\u0171 reg\u00e9ny\u00e9r\u0151l\u00a0(L&#8217; Harmattan) B\u00e1tyi Zolt\u00e1n \u00fajs\u00e1g\u00edr\u00f3 besz\u00e9lget. T\u00f6bb sz\u00e1z oldalas bes\u00fag\u00f3i jelent\u00e9sekre alapozva \u00edrtam meg ap\u00e1m sors\u00e1t, akivel 1957-t\u0151l 1971-ig \u00fagy b\u00e1ntak a titkos tart\u00f3tisztek \u00fcgyn\u00f6keiken, bes\u00fag\u00f3ikon kereszt\u00fcl, ahogy rendes reg\u00e9ny\u00edr\u00f3 nem b\u00e1nik &hellip; <a href=\"http:\/\/konyvhetszeged2013.sk-szeged.hu\/?p=230\">Tov\u00e1bb <span class=\"meta-nav\">&rarr;<\/span><\/a><\/p>\n","protected":false},"author":2,"featured_media":0,"comment_status":"open","ping_status":"open","sticky":false,"template":"","format":"standard","meta":{"ngg_post_thumbnail":0,"footnotes":""},"categories":[39,7,17,80,82],"tags":[83],"class_list":["post-230","post","type-post","status-publish","format-standard","hentry","category-dugonics-ter","category-junius-6-csutortok","category-konyvbemutato","category-lharmattan","category-temesi-ferenc","tag-batyi-zoltan"],"_links":{"self":[{"href":"http:\/\/konyvhetszeged2013.sk-szeged.hu\/index.php?rest_route=\/wp\/v2\/posts\/230","targetHints":{"allow":["GET"]}}],"collection":[{"href":"http:\/\/konyvhetszeged2013.sk-szeged.hu\/index.php?rest_route=\/wp\/v2\/posts"}],"about":[{"href":"http:\/\/konyvhetszeged2013.sk-szeged.hu\/index.php?rest_route=\/wp\/v2\/types\/post"}],"author":[{"embeddable":true,"href":"http:\/\/konyvhetszeged2013.sk-szeged.hu\/index.php?rest_route=\/wp\/v2\/users\/2"}],"replies":[{"embeddable":true,"href":"http:\/\/konyvhetszeged2013.sk-szeged.hu\/index.php?rest_route=%2Fwp%2Fv2%2Fcomments&post=230"}],"version-history":[{"count":10,"href":"http:\/\/konyvhetszeged2013.sk-szeged.hu\/index.php?rest_route=\/wp\/v2\/posts\/230\/revisions"}],"predecessor-version":[{"id":1856,"href":"http:\/\/konyvhetszeged2013.sk-szeged.hu\/index.php?rest_route=\/wp\/v2\/posts\/230\/revisions\/1856"}],"wp:attachment":[{"href":"http:\/\/konyvhetszeged2013.sk-szeged.hu\/index.php?rest_route=%2Fwp%2Fv2%2Fmedia&parent=230"}],"wp:term":[{"taxonomy":"category","embeddable":true,"href":"http:\/\/konyvhetszeged2013.sk-szeged.hu\/index.php?rest_route=%2Fwp%2Fv2%2Fcategories&post=230"},{"taxonomy":"post_tag","embeddable":true,"href":"http:\/\/konyvhetszeged2013.sk-szeged.hu\/index.php?rest_route=%2Fwp%2Fv2%2Ftags&post=230"}],"curies":[{"name":"wp","href":"https:\/\/api.w.org\/{rel}","templated":true}]}}