{"id":132,"date":"2013-05-24T15:50:16","date_gmt":"2013-05-24T13:50:16","guid":{"rendered":"http:\/\/konyvhetszeged2013.sk-szeged.hu\/?p=132"},"modified":"2013-06-06T22:22:04","modified_gmt":"2013-06-06T20:22:04","slug":"ujdonsagok-az-55-eves-szabadkai-eletjel-kiadotol","status":"publish","type":"post","link":"http:\/\/konyvhetszeged2013.sk-szeged.hu\/?p=132","title":{"rendered":"\u00dajdons\u00e1gok  az 55 \u00e9ves szabadkai \u00c9letjel Kiad\u00f3t\u00f3l"},"content":{"rendered":"<p><a href=\"http:\/\/konyvhetszeged2013.sk-szeged.hu\/wp-content\/uploads\/2013\/05\/eletjel.jpg\"><img loading=\"lazy\" decoding=\"async\" class=\" wp-image-134 alignleft\" alt=\"eletjel\" src=\"http:\/\/konyvhetszeged2013.sk-szeged.hu\/wp-content\/uploads\/2013\/05\/eletjel.jpg\" width=\"186\" height=\"205\" \/><\/a><\/p>\n<p dir=\"ltr\">Vend\u00e9gek: <strong>D\u00e9vav\u00e1ri Besz\u00e9des Val\u00e9ria<\/strong> n\u00e9prajzkutat\u00f3, az \u00c9letjel k\u00f6tetek szerkeszt\u0151je; <strong>D\u00e9vav\u00e1ri Zolt\u00e1n<\/strong> t\u00f6rt\u00e9n\u00e9sz, a T\u00e9r \u00e9s id\u0151 konferencia szervez\u0151je; <strong>Gergely J\u00f3zsef<\/strong>, a Magyar Sz\u00f3 munkat\u00e1rsa, ornitol\u00f3gus, a Szerbiai Mad\u00e1rv\u00e9d\u0151 Egyes\u00fclet eln\u00f6ks\u00e9g\u00e9nek tagja; <strong>H\u00f3zsa \u00c9va<\/strong> irodalomt\u00f6rt\u00e9n\u00e9sz, a XX. sz\u00e1zadi \u00e9s a kort\u00e1rs magyar irodalom kutat\u00f3ja; <strong>Kaich Katalin<\/strong> nyugalmazott egyetemi tan\u00e1r, professor emeritus<\/p>\n<p dir=\"ltr\">Besz\u00e9lget\u0151t\u00e1rs: <strong>Veszelka Attila<\/strong>, a Szegedi \u00cdr\u00f3k T\u00e1rsas\u00e1ga eln\u00f6ke<\/p>\n<blockquote><p>K\u00e9pz\u0151m\u0171v\u00e9szeti tanulm\u00e1nyokat, albumokat, a term\u00e9szet \u00e9s az \u00e9p\u00edtett \u00f6r\u00f6ks\u00e9g tudom\u00e1nyos feldolgoz\u00e1s\u00e1t, a vajdas\u00e1gi irodalom legjobb reg\u00e9nyeinek, novell\u00e1inak az \u00fajrakiad\u00e1s\u00e1t a Klasszikusokban, a h\u0151skorban sz\u00fcletett k\u00f6tetek korszer\u0171 ut\u00f3sz\u00f3val ell\u00e1tott reprintj\u00e9t szeretn\u00e9nk megjelentetni. Term\u00e9szetesen figyel\u00fcnk a szabadkai \u00e9rt\u00e9kekre is, mert Fekete J. J\u00f3zsef szavaival \u00e9lve: \u201eSzabadkainak lenni sz\u00edvet melenget\u0151 \u00e9rz\u00e9s, m\u00e9g ha az ember t\u00e1vol k\u00e9nyszer\u00fcl \u00e9lni a v\u00e1rost\u00f3l, mindenk\u00e9ppen fontos, hogy alkot\u00f3k, kutat\u00f3k, tud\u00f3sok, m\u0171v\u00e9szek eredtek nyom\u00e1ba ennek az ill\u00e9kony, de folyton jelen lev\u0151 \u00e9let\u00e9rz\u00e9snek.\u201d (Besz\u00e9des Val\u00e9ria)<\/p><\/blockquote>\n<ul>\n<li>Helysz\u00edn: Dugonics t\u00e9r<\/li>\n<li>Id\u0151pont: 2013. j\u00fanius 6. (cs\u00fct\u00f6rt\u00f6k) 17.00<\/li>\n<\/ul>\n<p>Kapcsol\u00f3d\u00f3 inform\u00e1ci\u00f3k:<br \/>\n<a href=\"http:\/\/www.eletjel.org.rs\/\" target=\"_blank\">A kiad\u00f3 honlapja<\/a><\/p>\n","protected":false},"excerpt":{"rendered":"<p>Vend\u00e9gek: D\u00e9vav\u00e1ri Besz\u00e9des Val\u00e9ria n\u00e9prajzkutat\u00f3, az \u00c9letjel k\u00f6tetek szerkeszt\u0151je; D\u00e9vav\u00e1ri Zolt\u00e1n t\u00f6rt\u00e9n\u00e9sz, a T\u00e9r \u00e9s id\u0151 konferencia szervez\u0151je; Gergely J\u00f3zsef, a Magyar Sz\u00f3 munkat\u00e1rsa, ornitol\u00f3gus, a Szerbiai Mad\u00e1rv\u00e9d\u0151 Egyes\u00fclet eln\u00f6ks\u00e9g\u00e9nek tagja; H\u00f3zsa \u00c9va irodalomt\u00f6rt\u00e9n\u00e9sz, a XX. sz\u00e1zadi \u00e9s a kort\u00e1rs &hellip; <a href=\"http:\/\/konyvhetszeged2013.sk-szeged.hu\/?p=132\">Tov\u00e1bb <span class=\"meta-nav\">&rarr;<\/span><\/a><\/p>\n","protected":false},"author":2,"featured_media":0,"comment_status":"open","ping_status":"open","sticky":false,"template":"","format":"standard","meta":{"ngg_post_thumbnail":0,"footnotes":""},"categories":[54,55,39,59,56,57,30,7,58],"tags":[60],"class_list":["post-132","post","type-post","status-publish","format-standard","hentry","category-devavari-beszedes-valeria","category-devavari-zoltan","category-dugonics-ter","category-eletjel-kiado","category-gergely-jozsef","category-hozsa-eva","category-iro-olvaso-talalkozo","category-junius-6-csutortok","category-kaich-katalin","tag-veszelka-attila"],"_links":{"self":[{"href":"http:\/\/konyvhetszeged2013.sk-szeged.hu\/index.php?rest_route=\/wp\/v2\/posts\/132","targetHints":{"allow":["GET"]}}],"collection":[{"href":"http:\/\/konyvhetszeged2013.sk-szeged.hu\/index.php?rest_route=\/wp\/v2\/posts"}],"about":[{"href":"http:\/\/konyvhetszeged2013.sk-szeged.hu\/index.php?rest_route=\/wp\/v2\/types\/post"}],"author":[{"embeddable":true,"href":"http:\/\/konyvhetszeged2013.sk-szeged.hu\/index.php?rest_route=\/wp\/v2\/users\/2"}],"replies":[{"embeddable":true,"href":"http:\/\/konyvhetszeged2013.sk-szeged.hu\/index.php?rest_route=%2Fwp%2Fv2%2Fcomments&post=132"}],"version-history":[{"count":21,"href":"http:\/\/konyvhetszeged2013.sk-szeged.hu\/index.php?rest_route=\/wp\/v2\/posts\/132\/revisions"}],"predecessor-version":[{"id":1862,"href":"http:\/\/konyvhetszeged2013.sk-szeged.hu\/index.php?rest_route=\/wp\/v2\/posts\/132\/revisions\/1862"}],"wp:attachment":[{"href":"http:\/\/konyvhetszeged2013.sk-szeged.hu\/index.php?rest_route=%2Fwp%2Fv2%2Fmedia&parent=132"}],"wp:term":[{"taxonomy":"category","embeddable":true,"href":"http:\/\/konyvhetszeged2013.sk-szeged.hu\/index.php?rest_route=%2Fwp%2Fv2%2Fcategories&post=132"},{"taxonomy":"post_tag","embeddable":true,"href":"http:\/\/konyvhetszeged2013.sk-szeged.hu\/index.php?rest_route=%2Fwp%2Fv2%2Ftags&post=132"}],"curies":[{"name":"wp","href":"https:\/\/api.w.org\/{rel}","templated":true}]}}